{"id":6593,"date":"2016-05-31T14:57:44","date_gmt":"2016-05-31T08:57:44","guid":{"rendered":"http:\/\/lamagdalenadeproust.com\/p=1507"},"modified":"2016-12-13T08:53:56","modified_gmt":"2016-12-13T07:53:56","slug":"objetivo-rejuvenecer-nuevo-libro-de-nuestra-profesora-carmen-garcia","status":"publish","type":"post","link":"https:\/\/www.lamagdalenadeproust.com\/info\/objetivo-rejuvenecer-nuevo-libro-de-nuestra-profesora-carmen-garcia\/","title":{"rendered":"Objetivo rejuvenecer. Nuevo libro de nuestra profesora Carmen Gim\u00e9nez-Cuenca"},"content":{"rendered":"<p><span style=\"color: #7a7a7a;\">En palabras de\u00a0Carmen por primera vez en la historia que conocemos, la especie humana tiene la posibilidad de mantenerse joven durante todos los a\u00f1os de su vida en la Tierra. Esto es algo sin precedentes, y lo primero que me planteo como experta es divulgarlo para que t\u00fa puedas conocer , y si lo deseas puedas llevar a la pr\u00e1ctica, lo que ya podemos ir haciendo para mantenernos j\u00f3venes y sanos a cualquier edad. Este es mi prop\u00f3sito principal con el libro que acabo de publicar y que espero fervientemente que leas.<\/span><\/p>\n<p style=\"color: #7a7a7a;\">El libro es un viaje a trav\u00e9s de 7 claves que considera indispensable que conozcais si lo que deseas es recuperar y\/o mantener la juventud y prepararte para una longevidad en plenitud de facultades f\u00edsicas y mentales. Porque lo cierto es que\u00a0<strong>ya no vamos a envejecer como lo han hecho nuestros padres, abuelos y ancestros<\/strong>. No s\u00f3lo no vamos a envejecer de la manera tradicional, sino que\u00a0<strong>ahora podemos rejuvenecer.<\/strong><\/p>\n<p style=\"color: #7a7a7a;\"><a href=\"http:\/\/www.lamagdalenadeproust.com\/wp-content\/uploads\/2016\/05\/BLOG-libro-foto1.jpg\"><img loading=\"lazy\" decoding=\"async\" class=\"alignnone size-full wp-image-7094\" src=\"http:\/\/www.lamagdalenadeproust.com\/wp-content\/uploads\/2016\/05\/BLOG-libro-foto1.jpg\" alt=\"objetivo rejuvenecer\" width=\"630\" height=\"420\" srcset=\"https:\/\/www.lamagdalenadeproust.com\/info\/wp-content\/uploads\/2016\/05\/BLOG-libro-foto1.jpg 630w, https:\/\/www.lamagdalenadeproust.com\/info\/wp-content\/uploads\/2016\/05\/BLOG-libro-foto1-300x200.jpg 300w, https:\/\/www.lamagdalenadeproust.com\/info\/wp-content\/uploads\/2016\/05\/BLOG-libro-foto1-280x187.jpg 280w\" sizes=\"auto, (max-width: 630px) 100vw, 630px\" \/><\/a><\/p>\n<p style=\"color: #7a7a7a;\">Hoy, gracias a la ciencia y tecnolog\u00eda de vanguardia combinadas con las terapias de integraci\u00f3n cuerpo-mente,\u00a0<strong>ya es posible rejuvenecer hasta 20 a\u00f1os<\/strong>. Es decir, revertir la edad biol\u00f3gica hasta 20 a\u00f1os por debajo de la edad cronol\u00f3gica. Lo veo en mi consulta con las personas con las que trabajo y lo demuestran las anal\u00edticas antiaging.<\/p>\n<p style=\"color: #7a7a7a;\">Leyendo el\u00a0libro descubrir\u00e1s que si bien cumplir a\u00f1os es inevitable \u00a1y muy deseable! envejecer es opcional.\u00a0<strong>T\u00fa eliges si quieres aprender y practicar lo que pronto ser\u00e1 la nueva normalidad<\/strong>: un estilo de vida en el que la idea de envejecimiento ser\u00e1 sustituida por la de longevidad en plenitud de facultades f\u00edsica y mentales.<\/p>\n<p style=\"color: #7a7a7a;\">Te dejamos el enlace a su articulo\u00a0<a style=\"color: #1155cc;\" href=\"http:\/\/coachingantiaging.com\/objetivo-rejuvenecer\/\" target=\"_blank\" data-saferedirecturl=\"https:\/\/www.google.com\/url?hl=es&amp;q=http:\/\/coachingantiaging.com\/objetivo-rejuvenecer\/&amp;source=gmail&amp;ust=1464935505021000&amp;usg=AFQjCNFnXPQuSVHQPWB0lTyIYiqVj32GiA\">http:\/\/coachingantiaging.com\/<wbr \/>objetivo-rejuvenecer\/<\/a><span style=\"color: #000000;\">\u00a0\u00a0<\/span><\/p>\n","protected":false},"excerpt":{"rendered":"<p>En palabras de\u00a0Carmen por primera vez en la historia que conocemos, la especie humana tiene la posibilidad de mantenerse joven durante todos los a\u00f1os de su vida en la Tierra. Esto es algo sin precedentes, y lo primero que me planteo como experta es divulgarlo para que t\u00fa puedas conocer , y si lo deseas<\/p>\n","protected":false},"author":1,"featured_media":7094,"comment_status":"open","ping_status":"open","sticky":false,"template":"","format":"standard","meta":{"footnotes":""},"categories":[184],"tags":[],"class_list":["post-6593","post","type-post","status-publish","format-standard","has-post-thumbnail","hentry","category-econoticias"],"yoast_head":"<!-- This site is optimized with the Yoast SEO plugin v23.6 - https:\/\/yoast.com\/wordpress\/plugins\/seo\/ -->\n<title>Objetivo rejuvenecer. Nuevo libro de nuestra profesora Carmen Garc\u00eda<\/title>\n<meta name=\"description\" content=\"Por primera vez en la historia que conocemos, la especie humana tiene la posibilidad de mantenerse joven durante todos los a\u00f1os de su vida en la Tierra.\" \/>\n<meta name=\"robots\" content=\"index, follow, max-snippet:-1, max-image-preview:large, max-video-preview:-1\" \/>\n<link rel=\"canonical\" href=\"https:\/\/www.lamagdalenadeproust.com\/info\/objetivo-rejuvenecer-nuevo-libro-de-nuestra-profesora-carmen-garcia\/\" \/>\n<meta property=\"og:locale\" content=\"es_ES\" \/>\n<meta property=\"og:type\" content=\"article\" \/>\n<meta property=\"og:title\" content=\"Objetivo rejuvenecer. Nuevo libro de nuestra profesora Carmen Garc\u00eda\" \/>\n<meta property=\"og:description\" content=\"Por primera vez en la historia que conocemos, la especie humana tiene la posibilidad de mantenerse joven durante todos los a\u00f1os de su vida en la Tierra.\" \/>\n<meta property=\"og:url\" content=\"https:\/\/www.lamagdalenadeproust.com\/info\/objetivo-rejuvenecer-nuevo-libro-de-nuestra-profesora-carmen-garcia\/\" \/>\n<meta property=\"og:site_name\" content=\"Obrador de Pan Artesano\" \/>\n<meta property=\"article:published_time\" content=\"2016-05-31T08:57:44+00:00\" \/>\n<meta property=\"article:modified_time\" content=\"2016-12-13T07:53:56+00:00\" \/>\n<meta property=\"og:image\" content=\"https:\/\/www.lamagdalenadeproust.com\/info\/wp-content\/uploads\/2016\/05\/BLOG-libro-foto1.jpg\" \/>\n\t<meta property=\"og:image:width\" content=\"630\" \/>\n\t<meta property=\"og:image:height\" content=\"420\" \/>\n\t<meta property=\"og:image:type\" content=\"image\/jpeg\" \/>\n<meta name=\"author\" content=\"La Magdalena de Proust\" \/>\n<meta name=\"twitter:label1\" content=\"Escrito por\" \/>\n\t<meta name=\"twitter:data1\" content=\"La Magdalena de Proust\" \/>\n\t<meta name=\"twitter:label2\" content=\"Tiempo de lectura\" \/>\n\t<meta name=\"twitter:data2\" content=\"2 minutos\" \/>\n<script type=\"application\/ld+json\" class=\"yoast-schema-graph\">{\"@context\":\"https:\/\/schema.org\",\"@graph\":[{\"@type\":\"Article\",\"@id\":\"https:\/\/www.lamagdalenadeproust.com\/info\/objetivo-rejuvenecer-nuevo-libro-de-nuestra-profesora-carmen-garcia\/#article\",\"isPartOf\":{\"@id\":\"https:\/\/www.lamagdalenadeproust.com\/info\/objetivo-rejuvenecer-nuevo-libro-de-nuestra-profesora-carmen-garcia\/\"},\"author\":{\"name\":\"La Magdalena de Proust\",\"@id\":\"https:\/\/www.lamagdalenadeproust.com\/info\/#\/schema\/person\/3903d0399b79125fde56924fa81b0db0\"},\"headline\":\"Objetivo rejuvenecer. Nuevo libro de nuestra profesora Carmen Gim\u00e9nez-Cuenca\",\"datePublished\":\"2016-05-31T08:57:44+00:00\",\"dateModified\":\"2016-12-13T07:53:56+00:00\",\"mainEntityOfPage\":{\"@id\":\"https:\/\/www.lamagdalenadeproust.com\/info\/objetivo-rejuvenecer-nuevo-libro-de-nuestra-profesora-carmen-garcia\/\"},\"wordCount\":310,\"commentCount\":0,\"publisher\":{\"@id\":\"https:\/\/www.lamagdalenadeproust.com\/info\/#organization\"},\"image\":{\"@id\":\"https:\/\/www.lamagdalenadeproust.com\/info\/objetivo-rejuvenecer-nuevo-libro-de-nuestra-profesora-carmen-garcia\/#primaryimage\"},\"thumbnailUrl\":\"https:\/\/www.lamagdalenadeproust.com\/info\/wp-content\/uploads\/2016\/05\/BLOG-libro-foto1.jpg\",\"articleSection\":[\"Econoticias\"],\"inLanguage\":\"es\",\"potentialAction\":[{\"@type\":\"CommentAction\",\"name\":\"Comment\",\"target\":[\"https:\/\/www.lamagdalenadeproust.com\/info\/objetivo-rejuvenecer-nuevo-libro-de-nuestra-profesora-carmen-garcia\/#respond\"]}]},{\"@type\":\"WebPage\",\"@id\":\"https:\/\/www.lamagdalenadeproust.com\/info\/objetivo-rejuvenecer-nuevo-libro-de-nuestra-profesora-carmen-garcia\/\",\"url\":\"https:\/\/www.lamagdalenadeproust.com\/info\/objetivo-rejuvenecer-nuevo-libro-de-nuestra-profesora-carmen-garcia\/\",\"name\":\"Objetivo rejuvenecer. Nuevo libro de nuestra profesora Carmen Garc\u00eda\",\"isPartOf\":{\"@id\":\"https:\/\/www.lamagdalenadeproust.com\/info\/#website\"},\"primaryImageOfPage\":{\"@id\":\"https:\/\/www.lamagdalenadeproust.com\/info\/objetivo-rejuvenecer-nuevo-libro-de-nuestra-profesora-carmen-garcia\/#primaryimage\"},\"image\":{\"@id\":\"https:\/\/www.lamagdalenadeproust.com\/info\/objetivo-rejuvenecer-nuevo-libro-de-nuestra-profesora-carmen-garcia\/#primaryimage\"},\"thumbnailUrl\":\"https:\/\/www.lamagdalenadeproust.com\/info\/wp-content\/uploads\/2016\/05\/BLOG-libro-foto1.jpg\",\"datePublished\":\"2016-05-31T08:57:44+00:00\",\"dateModified\":\"2016-12-13T07:53:56+00:00\",\"description\":\"Por primera vez en la historia que conocemos, la especie humana tiene la posibilidad de mantenerse joven durante todos los a\u00f1os de su vida en la Tierra.\",\"breadcrumb\":{\"@id\":\"https:\/\/www.lamagdalenadeproust.com\/info\/objetivo-rejuvenecer-nuevo-libro-de-nuestra-profesora-carmen-garcia\/#breadcrumb\"},\"inLanguage\":\"es\",\"potentialAction\":[{\"@type\":\"ReadAction\",\"target\":[\"https:\/\/www.lamagdalenadeproust.com\/info\/objetivo-rejuvenecer-nuevo-libro-de-nuestra-profesora-carmen-garcia\/\"]}]},{\"@type\":\"ImageObject\",\"inLanguage\":\"es\",\"@id\":\"https:\/\/www.lamagdalenadeproust.com\/info\/objetivo-rejuvenecer-nuevo-libro-de-nuestra-profesora-carmen-garcia\/#primaryimage\",\"url\":\"https:\/\/www.lamagdalenadeproust.com\/info\/wp-content\/uploads\/2016\/05\/BLOG-libro-foto1.jpg\",\"contentUrl\":\"https:\/\/www.lamagdalenadeproust.com\/info\/wp-content\/uploads\/2016\/05\/BLOG-libro-foto1.jpg\",\"width\":630,\"height\":420,\"caption\":\"objetivo rejuvenecer\"},{\"@type\":\"BreadcrumbList\",\"@id\":\"https:\/\/www.lamagdalenadeproust.com\/info\/objetivo-rejuvenecer-nuevo-libro-de-nuestra-profesora-carmen-garcia\/#breadcrumb\",\"itemListElement\":[{\"@type\":\"ListItem\",\"position\":1,\"name\":\"Home\",\"item\":\"https:\/\/www.lamagdalenadeproust.com\/info\/\"},{\"@type\":\"ListItem\",\"position\":2,\"name\":\"Objetivo rejuvenecer. Nuevo libro de nuestra profesora Carmen Gim\u00e9nez-Cuenca\"}]},{\"@type\":\"WebSite\",\"@id\":\"https:\/\/www.lamagdalenadeproust.com\/info\/#website\",\"url\":\"https:\/\/www.lamagdalenadeproust.com\/info\/\",\"name\":\"Obrador de Pan Artesano\",\"description\":\"Obrador de pan artesanos en Madrid\",\"publisher\":{\"@id\":\"https:\/\/www.lamagdalenadeproust.com\/info\/#organization\"},\"potentialAction\":[{\"@type\":\"SearchAction\",\"target\":{\"@type\":\"EntryPoint\",\"urlTemplate\":\"https:\/\/www.lamagdalenadeproust.com\/info\/?s={search_term_string}\"},\"query-input\":{\"@type\":\"PropertyValueSpecification\",\"valueRequired\":true,\"valueName\":\"search_term_string\"}}],\"inLanguage\":\"es\"},{\"@type\":\"Organization\",\"@id\":\"https:\/\/www.lamagdalenadeproust.com\/info\/#organization\",\"name\":\"La Magdalena de Proust\",\"url\":\"https:\/\/www.lamagdalenadeproust.com\/info\/\",\"logo\":{\"@type\":\"ImageObject\",\"inLanguage\":\"es\",\"@id\":\"https:\/\/www.lamagdalenadeproust.com\/info\/#\/schema\/logo\/image\/\",\"url\":\"https:\/\/www.lamagdalenadeproust.com\/info\/wp-content\/uploads\/2016\/11\/Magadalena-Proust-Logo.png\",\"contentUrl\":\"https:\/\/www.lamagdalenadeproust.com\/info\/wp-content\/uploads\/2016\/11\/Magadalena-Proust-Logo.png\",\"width\":144,\"height\":105,\"caption\":\"La Magdalena de Proust\"},\"image\":{\"@id\":\"https:\/\/www.lamagdalenadeproust.com\/info\/#\/schema\/logo\/image\/\"}},{\"@type\":\"Person\",\"@id\":\"https:\/\/www.lamagdalenadeproust.com\/info\/#\/schema\/person\/3903d0399b79125fde56924fa81b0db0\",\"name\":\"La Magdalena de Proust\",\"url\":\"https:\/\/www.lamagdalenadeproust.com\/info\/author\/eduarroyo05\/\"}]}<\/script>\n<!-- \/ Yoast SEO plugin. -->","yoast_head_json":{"title":"Objetivo rejuvenecer. Nuevo libro de nuestra profesora Carmen Garc\u00eda","description":"Por primera vez en la historia que conocemos, la especie humana tiene la posibilidad de mantenerse joven durante todos los a\u00f1os de su vida en la Tierra.","robots":{"index":"index","follow":"follow","max-snippet":"max-snippet:-1","max-image-preview":"max-image-preview:large","max-video-preview":"max-video-preview:-1"},"canonical":"https:\/\/www.lamagdalenadeproust.com\/info\/objetivo-rejuvenecer-nuevo-libro-de-nuestra-profesora-carmen-garcia\/","og_locale":"es_ES","og_type":"article","og_title":"Objetivo rejuvenecer. Nuevo libro de nuestra profesora Carmen Garc\u00eda","og_description":"Por primera vez en la historia que conocemos, la especie humana tiene la posibilidad de mantenerse joven durante todos los a\u00f1os de su vida en la Tierra.","og_url":"https:\/\/www.lamagdalenadeproust.com\/info\/objetivo-rejuvenecer-nuevo-libro-de-nuestra-profesora-carmen-garcia\/","og_site_name":"Obrador de Pan Artesano","article_published_time":"2016-05-31T08:57:44+00:00","article_modified_time":"2016-12-13T07:53:56+00:00","og_image":[{"width":630,"height":420,"url":"https:\/\/www.lamagdalenadeproust.com\/info\/wp-content\/uploads\/2016\/05\/BLOG-libro-foto1.jpg","type":"image\/jpeg"}],"author":"La Magdalena de Proust","twitter_misc":{"Escrito por":"La Magdalena de Proust","Tiempo de lectura":"2 minutos"},"schema":{"@context":"https:\/\/schema.org","@graph":[{"@type":"Article","@id":"https:\/\/www.lamagdalenadeproust.com\/info\/objetivo-rejuvenecer-nuevo-libro-de-nuestra-profesora-carmen-garcia\/#article","isPartOf":{"@id":"https:\/\/www.lamagdalenadeproust.com\/info\/objetivo-rejuvenecer-nuevo-libro-de-nuestra-profesora-carmen-garcia\/"},"author":{"name":"La Magdalena de Proust","@id":"https:\/\/www.lamagdalenadeproust.com\/info\/#\/schema\/person\/3903d0399b79125fde56924fa81b0db0"},"headline":"Objetivo rejuvenecer. Nuevo libro de nuestra profesora Carmen Gim\u00e9nez-Cuenca","datePublished":"2016-05-31T08:57:44+00:00","dateModified":"2016-12-13T07:53:56+00:00","mainEntityOfPage":{"@id":"https:\/\/www.lamagdalenadeproust.com\/info\/objetivo-rejuvenecer-nuevo-libro-de-nuestra-profesora-carmen-garcia\/"},"wordCount":310,"commentCount":0,"publisher":{"@id":"https:\/\/www.lamagdalenadeproust.com\/info\/#organization"},"image":{"@id":"https:\/\/www.lamagdalenadeproust.com\/info\/objetivo-rejuvenecer-nuevo-libro-de-nuestra-profesora-carmen-garcia\/#primaryimage"},"thumbnailUrl":"https:\/\/www.lamagdalenadeproust.com\/info\/wp-content\/uploads\/2016\/05\/BLOG-libro-foto1.jpg","articleSection":["Econoticias"],"inLanguage":"es","potentialAction":[{"@type":"CommentAction","name":"Comment","target":["https:\/\/www.lamagdalenadeproust.com\/info\/objetivo-rejuvenecer-nuevo-libro-de-nuestra-profesora-carmen-garcia\/#respond"]}]},{"@type":"WebPage","@id":"https:\/\/www.lamagdalenadeproust.com\/info\/objetivo-rejuvenecer-nuevo-libro-de-nuestra-profesora-carmen-garcia\/","url":"https:\/\/www.lamagdalenadeproust.com\/info\/objetivo-rejuvenecer-nuevo-libro-de-nuestra-profesora-carmen-garcia\/","name":"Objetivo rejuvenecer. Nuevo libro de nuestra profesora Carmen Garc\u00eda","isPartOf":{"@id":"https:\/\/www.lamagdalenadeproust.com\/info\/#website"},"primaryImageOfPage":{"@id":"https:\/\/www.lamagdalenadeproust.com\/info\/objetivo-rejuvenecer-nuevo-libro-de-nuestra-profesora-carmen-garcia\/#primaryimage"},"image":{"@id":"https:\/\/www.lamagdalenadeproust.com\/info\/objetivo-rejuvenecer-nuevo-libro-de-nuestra-profesora-carmen-garcia\/#primaryimage"},"thumbnailUrl":"https:\/\/www.lamagdalenadeproust.com\/info\/wp-content\/uploads\/2016\/05\/BLOG-libro-foto1.jpg","datePublished":"2016-05-31T08:57:44+00:00","dateModified":"2016-12-13T07:53:56+00:00","description":"Por primera vez en la historia que conocemos, la especie humana tiene la posibilidad de mantenerse joven durante todos los a\u00f1os de su vida en la Tierra.","breadcrumb":{"@id":"https:\/\/www.lamagdalenadeproust.com\/info\/objetivo-rejuvenecer-nuevo-libro-de-nuestra-profesora-carmen-garcia\/#breadcrumb"},"inLanguage":"es","potentialAction":[{"@type":"ReadAction","target":["https:\/\/www.lamagdalenadeproust.com\/info\/objetivo-rejuvenecer-nuevo-libro-de-nuestra-profesora-carmen-garcia\/"]}]},{"@type":"ImageObject","inLanguage":"es","@id":"https:\/\/www.lamagdalenadeproust.com\/info\/objetivo-rejuvenecer-nuevo-libro-de-nuestra-profesora-carmen-garcia\/#primaryimage","url":"https:\/\/www.lamagdalenadeproust.com\/info\/wp-content\/uploads\/2016\/05\/BLOG-libro-foto1.jpg","contentUrl":"https:\/\/www.lamagdalenadeproust.com\/info\/wp-content\/uploads\/2016\/05\/BLOG-libro-foto1.jpg","width":630,"height":420,"caption":"objetivo rejuvenecer"},{"@type":"BreadcrumbList","@id":"https:\/\/www.lamagdalenadeproust.com\/info\/objetivo-rejuvenecer-nuevo-libro-de-nuestra-profesora-carmen-garcia\/#breadcrumb","itemListElement":[{"@type":"ListItem","position":1,"name":"Home","item":"https:\/\/www.lamagdalenadeproust.com\/info\/"},{"@type":"ListItem","position":2,"name":"Objetivo rejuvenecer. Nuevo libro de nuestra profesora Carmen Gim\u00e9nez-Cuenca"}]},{"@type":"WebSite","@id":"https:\/\/www.lamagdalenadeproust.com\/info\/#website","url":"https:\/\/www.lamagdalenadeproust.com\/info\/","name":"Obrador de Pan Artesano","description":"Obrador de pan artesanos en Madrid","publisher":{"@id":"https:\/\/www.lamagdalenadeproust.com\/info\/#organization"},"potentialAction":[{"@type":"SearchAction","target":{"@type":"EntryPoint","urlTemplate":"https:\/\/www.lamagdalenadeproust.com\/info\/?s={search_term_string}"},"query-input":{"@type":"PropertyValueSpecification","valueRequired":true,"valueName":"search_term_string"}}],"inLanguage":"es"},{"@type":"Organization","@id":"https:\/\/www.lamagdalenadeproust.com\/info\/#organization","name":"La Magdalena de Proust","url":"https:\/\/www.lamagdalenadeproust.com\/info\/","logo":{"@type":"ImageObject","inLanguage":"es","@id":"https:\/\/www.lamagdalenadeproust.com\/info\/#\/schema\/logo\/image\/","url":"https:\/\/www.lamagdalenadeproust.com\/info\/wp-content\/uploads\/2016\/11\/Magadalena-Proust-Logo.png","contentUrl":"https:\/\/www.lamagdalenadeproust.com\/info\/wp-content\/uploads\/2016\/11\/Magadalena-Proust-Logo.png","width":144,"height":105,"caption":"La Magdalena de Proust"},"image":{"@id":"https:\/\/www.lamagdalenadeproust.com\/info\/#\/schema\/logo\/image\/"}},{"@type":"Person","@id":"https:\/\/www.lamagdalenadeproust.com\/info\/#\/schema\/person\/3903d0399b79125fde56924fa81b0db0","name":"La Magdalena de Proust","url":"https:\/\/www.lamagdalenadeproust.com\/info\/author\/eduarroyo05\/"}]}},"_links":{"self":[{"href":"https:\/\/www.lamagdalenadeproust.com\/info\/wp-json\/wp\/v2\/posts\/6593","targetHints":{"allow":["GET"]}}],"collection":[{"href":"https:\/\/www.lamagdalenadeproust.com\/info\/wp-json\/wp\/v2\/posts"}],"about":[{"href":"https:\/\/www.lamagdalenadeproust.com\/info\/wp-json\/wp\/v2\/types\/post"}],"author":[{"embeddable":true,"href":"https:\/\/www.lamagdalenadeproust.com\/info\/wp-json\/wp\/v2\/users\/1"}],"replies":[{"embeddable":true,"href":"https:\/\/www.lamagdalenadeproust.com\/info\/wp-json\/wp\/v2\/comments?post=6593"}],"version-history":[{"count":2,"href":"https:\/\/www.lamagdalenadeproust.com\/info\/wp-json\/wp\/v2\/posts\/6593\/revisions"}],"predecessor-version":[{"id":7096,"href":"https:\/\/www.lamagdalenadeproust.com\/info\/wp-json\/wp\/v2\/posts\/6593\/revisions\/7096"}],"wp:featuredmedia":[{"embeddable":true,"href":"https:\/\/www.lamagdalenadeproust.com\/info\/wp-json\/wp\/v2\/media\/7094"}],"wp:attachment":[{"href":"https:\/\/www.lamagdalenadeproust.com\/info\/wp-json\/wp\/v2\/media?parent=6593"}],"wp:term":[{"taxonomy":"category","embeddable":true,"href":"https:\/\/www.lamagdalenadeproust.com\/info\/wp-json\/wp\/v2\/categories?post=6593"},{"taxonomy":"post_tag","embeddable":true,"href":"https:\/\/www.lamagdalenadeproust.com\/info\/wp-json\/wp\/v2\/tags?post=6593"}],"curies":[{"name":"wp","href":"https:\/\/api.w.org\/{rel}","templated":true}]}}