{"id":6583,"date":"2015-10-09T00:56:28","date_gmt":"2015-10-08T18:56:28","guid":{"rendered":"http:\/\/lamagdalenadeproust.com\/p=1315"},"modified":"2023-02-16T00:29:49","modified_gmt":"2023-02-15T23:29:49","slug":"la-magdalena-de-proust-en-la-revista-rose","status":"publish","type":"post","link":"https:\/\/www.lamagdalenadeproust.com\/info\/la-magdalena-de-proust-en-la-revista-rose\/","title":{"rendered":"\u00abLa Magdalena de Proust\u00bb en la revista ROSE"},"content":{"rendered":"<p>Bravo por esta publicaci\u00f3n de y para mujeres valientes, capaces de superar los estragos de la pandemia de nuestra sociedad: El C\u00e1ncer.<\/p>\n<p>Muchas gracias a Valerie Dana por esta interesante publicaci\u00f3n. Os adjuntamos su sumario.<\/p>\n<p><a href=\"http:\/\/lamagdalenadeproust.com\/wp-content\/uploads\/2015\/10\/sumario1.jpg\"><img loading=\"lazy\" decoding=\"async\" class=\"aligncenter size-full wp-image-1318\" src=\"http:\/\/lamagdalenadeproust.com\/wp-content\/uploads\/2015\/10\/sumario1.jpg\" alt=\"sumario\" width=\"400\" height=\"572\" \/><\/a><\/p>\n<p>En la edici\u00f3n de este mes, hemos puesto nuestro granito de arena con unas sencillas recetas de \u00abDesayunos saludables\u00bb .<\/p>\n<p><img loading=\"lazy\" decoding=\"async\" class=\"aligncenter  wp-image-1320\" src=\"http:\/\/lamagdalenadeproust.com\/wp-content\/uploads\/2015\/10\/rose1.jpg\" alt=\"rose1\" width=\"400\" height=\"576\" \/><img loading=\"lazy\" decoding=\"async\" class=\"aligncenter  wp-image-1321\" src=\"http:\/\/lamagdalenadeproust.com\/wp-content\/uploads\/2015\/10\/rose-2.jpg\" alt=\"rose 2\" width=\"390\" height=\"570\" \/><a href=\"http:\/\/lamagdalenadeproust.com\/wp-content\/uploads\/2015\/10\/rose-3.jpg\"><img loading=\"lazy\" decoding=\"async\" class=\"aligncenter  wp-image-1322\" src=\"http:\/\/lamagdalenadeproust.com\/wp-content\/uploads\/2015\/10\/rose-3.jpg\" alt=\"rose 3\" width=\"384\" height=\"535\" \/><\/a><a href=\"http:\/\/lamagdalenadeproust.com\/wp-content\/uploads\/2015\/10\/rose-4.jpg\"><img loading=\"lazy\" decoding=\"async\" class=\"aligncenter  wp-image-1323\" src=\"http:\/\/lamagdalenadeproust.com\/wp-content\/uploads\/2015\/10\/rose-4.jpg\" alt=\"rose 4\" width=\"402\" height=\"516\" \/><\/a><\/p>\n<p>&nbsp;<\/p>\n<p><strong>\u00a0 \u00a0 \u00a0 \u00a0 \u00a0 \u00a0 \u00a0 \u00a0 \u00a0 \u00a0 \u00a0 \u00a0 \u00a0 \u00a0 \u00a0 \u00a0 \u00a0 \u00a0 \u00a0 \u00a0 \u00a0 \u00a0 \u00a0 \u00a0 \u00a0 \u00a0 \u00a0 \u00a0 \u00a0 \u00a0 \u00a0 \u00a0 \u00a0 \u00a0 \u00a0 \u00a0 \u00a0 \u00a0 \u00a0 \u00a0 \u00a0 \u00a0 \u00a0 \u00a0 \u00a0 \u00a0 \u00a0 \u00a0 \u00a0 \u00a0 \u00a0 \u00a0 \u00a0<\/strong><\/p>\n<p>&nbsp;<\/p>\n<p><strong>\u00a0 \u00a0 \u00a0 \u00a0 \u00a0 \u00a0 \u00a0 \u00a0 \u00a0 \u00a0 \u00a0 \u00a0 \u00a0 \u00a0 \u00a0 \u00a0 \u00a0 \u00a0 \u00a0 \u00a0 \u00a0 \u00a0 \u00a0 \u00a0 \u00a0 \u00a0 \u00a0 \u00a0 \u00a0 \u00a0 \u00a0 \u00a0 \u00a0 \u00a0 \u00a0 \u00a0 \u00a0 \u00a0 \u00a0 \u00a0 \u00a0 \u00a0 \u00a0 \u00a0 \u00a0 \u00a0 \u00a0 \u00a0 \u00a0 \u00a0 \u00a0 \u00a0 \u00a0www.revistarose.es<\/strong><\/p>\n<p>&nbsp;<\/p>\n","protected":false},"excerpt":{"rendered":"<p>Bravo por esta publicaci\u00f3n de y para mujeres valientes, capaces de superar los estragos de la pandemia de nuestra sociedad: El C\u00e1ncer. Muchas gracias a Valerie Dana por esta interesante publicaci\u00f3n. Os adjuntamos su sumario. En la edici\u00f3n de este mes, hemos puesto nuestro granito de arena con unas sencillas recetas de \u00abDesayunos saludables\u00bb .<\/p>\n","protected":false},"author":75,"featured_media":6687,"comment_status":"closed","ping_status":"closed","sticky":false,"template":"","format":"standard","meta":{"footnotes":""},"categories":[184],"tags":[],"class_list":["post-6583","post","type-post","status-publish","format-standard","has-post-thumbnail","hentry","category-econoticias"],"yoast_head":"<!-- This site is optimized with the Yoast SEO plugin v23.6 - https:\/\/yoast.com\/wordpress\/plugins\/seo\/ -->\n<title>&quot;La Magdalena de Proust&quot; en la revista ROSE - Obrador de Pan Artesano<\/title>\n<meta name=\"robots\" content=\"index, follow, max-snippet:-1, max-image-preview:large, max-video-preview:-1\" \/>\n<link rel=\"canonical\" href=\"https:\/\/www.lamagdalenadeproust.com\/info\/la-magdalena-de-proust-en-la-revista-rose\/\" \/>\n<meta property=\"og:locale\" content=\"es_ES\" \/>\n<meta property=\"og:type\" content=\"article\" \/>\n<meta property=\"og:title\" content=\"&quot;La Magdalena de Proust&quot; en la revista ROSE - Obrador de Pan Artesano\" \/>\n<meta property=\"og:description\" content=\"Bravo por esta publicaci\u00f3n de y para mujeres valientes, capaces de superar los estragos de la pandemia de nuestra sociedad: El C\u00e1ncer. Muchas gracias a Valerie Dana por esta interesante publicaci\u00f3n. Os adjuntamos su sumario. En la edici\u00f3n de este mes, hemos puesto nuestro granito de arena con unas sencillas recetas de \u00abDesayunos saludables\u00bb .\" \/>\n<meta property=\"og:url\" content=\"https:\/\/www.lamagdalenadeproust.com\/info\/la-magdalena-de-proust-en-la-revista-rose\/\" \/>\n<meta property=\"og:site_name\" content=\"Obrador de Pan Artesano\" \/>\n<meta property=\"article:published_time\" content=\"2015-10-08T18:56:28+00:00\" \/>\n<meta property=\"article:modified_time\" content=\"2023-02-15T23:29:49+00:00\" \/>\n<meta property=\"og:image\" content=\"https:\/\/www.lamagdalenadeproust.com\/info\/wp-content\/uploads\/2015\/10\/sumario1-2.jpg\" \/>\n\t<meta property=\"og:image:width\" content=\"400\" \/>\n\t<meta property=\"og:image:height\" content=\"572\" \/>\n\t<meta property=\"og:image:type\" content=\"image\/jpeg\" \/>\n<meta name=\"author\" content=\"Calvo Pichardo\" \/>\n<meta name=\"twitter:label1\" content=\"Escrito por\" \/>\n\t<meta name=\"twitter:data1\" content=\"Calvo Pichardo\" \/>\n\t<meta name=\"twitter:label2\" content=\"Tiempo de lectura\" \/>\n\t<meta name=\"twitter:data2\" content=\"2 minutos\" \/>\n<script type=\"application\/ld+json\" class=\"yoast-schema-graph\">{\"@context\":\"https:\/\/schema.org\",\"@graph\":[{\"@type\":\"Article\",\"@id\":\"https:\/\/www.lamagdalenadeproust.com\/info\/la-magdalena-de-proust-en-la-revista-rose\/#article\",\"isPartOf\":{\"@id\":\"https:\/\/www.lamagdalenadeproust.com\/info\/la-magdalena-de-proust-en-la-revista-rose\/\"},\"author\":{\"name\":\"Calvo Pichardo\",\"@id\":\"https:\/\/www.lamagdalenadeproust.com\/info\/#\/schema\/person\/a97b04166cb78a3d643f62b1f896436b\"},\"headline\":\"\u00abLa Magdalena de Proust\u00bb en la revista ROSE\",\"datePublished\":\"2015-10-08T18:56:28+00:00\",\"dateModified\":\"2023-02-15T23:29:49+00:00\",\"mainEntityOfPage\":{\"@id\":\"https:\/\/www.lamagdalenadeproust.com\/info\/la-magdalena-de-proust-en-la-revista-rose\/\"},\"wordCount\":72,\"publisher\":{\"@id\":\"https:\/\/www.lamagdalenadeproust.com\/info\/#organization\"},\"image\":{\"@id\":\"https:\/\/www.lamagdalenadeproust.com\/info\/la-magdalena-de-proust-en-la-revista-rose\/#primaryimage\"},\"thumbnailUrl\":\"https:\/\/www.lamagdalenadeproust.com\/info\/wp-content\/uploads\/2015\/10\/sumario1-2.jpg\",\"articleSection\":[\"Econoticias\"],\"inLanguage\":\"es\"},{\"@type\":\"WebPage\",\"@id\":\"https:\/\/www.lamagdalenadeproust.com\/info\/la-magdalena-de-proust-en-la-revista-rose\/\",\"url\":\"https:\/\/www.lamagdalenadeproust.com\/info\/la-magdalena-de-proust-en-la-revista-rose\/\",\"name\":\"\\\"La Magdalena de Proust\\\" en la revista ROSE - Obrador de Pan Artesano\",\"isPartOf\":{\"@id\":\"https:\/\/www.lamagdalenadeproust.com\/info\/#website\"},\"primaryImageOfPage\":{\"@id\":\"https:\/\/www.lamagdalenadeproust.com\/info\/la-magdalena-de-proust-en-la-revista-rose\/#primaryimage\"},\"image\":{\"@id\":\"https:\/\/www.lamagdalenadeproust.com\/info\/la-magdalena-de-proust-en-la-revista-rose\/#primaryimage\"},\"thumbnailUrl\":\"https:\/\/www.lamagdalenadeproust.com\/info\/wp-content\/uploads\/2015\/10\/sumario1-2.jpg\",\"datePublished\":\"2015-10-08T18:56:28+00:00\",\"dateModified\":\"2023-02-15T23:29:49+00:00\",\"breadcrumb\":{\"@id\":\"https:\/\/www.lamagdalenadeproust.com\/info\/la-magdalena-de-proust-en-la-revista-rose\/#breadcrumb\"},\"inLanguage\":\"es\",\"potentialAction\":[{\"@type\":\"ReadAction\",\"target\":[\"https:\/\/www.lamagdalenadeproust.com\/info\/la-magdalena-de-proust-en-la-revista-rose\/\"]}]},{\"@type\":\"ImageObject\",\"inLanguage\":\"es\",\"@id\":\"https:\/\/www.lamagdalenadeproust.com\/info\/la-magdalena-de-proust-en-la-revista-rose\/#primaryimage\",\"url\":\"https:\/\/www.lamagdalenadeproust.com\/info\/wp-content\/uploads\/2015\/10\/sumario1-2.jpg\",\"contentUrl\":\"https:\/\/www.lamagdalenadeproust.com\/info\/wp-content\/uploads\/2015\/10\/sumario1-2.jpg\",\"width\":400,\"height\":572,\"caption\":\"sumario1.jpg\"},{\"@type\":\"BreadcrumbList\",\"@id\":\"https:\/\/www.lamagdalenadeproust.com\/info\/la-magdalena-de-proust-en-la-revista-rose\/#breadcrumb\",\"itemListElement\":[{\"@type\":\"ListItem\",\"position\":1,\"name\":\"Home\",\"item\":\"https:\/\/www.lamagdalenadeproust.com\/info\/\"},{\"@type\":\"ListItem\",\"position\":2,\"name\":\"\u00abLa Magdalena de Proust\u00bb en la revista ROSE\"}]},{\"@type\":\"WebSite\",\"@id\":\"https:\/\/www.lamagdalenadeproust.com\/info\/#website\",\"url\":\"https:\/\/www.lamagdalenadeproust.com\/info\/\",\"name\":\"Obrador de Pan Artesano\",\"description\":\"Obrador de pan artesanos en Madrid\",\"publisher\":{\"@id\":\"https:\/\/www.lamagdalenadeproust.com\/info\/#organization\"},\"potentialAction\":[{\"@type\":\"SearchAction\",\"target\":{\"@type\":\"EntryPoint\",\"urlTemplate\":\"https:\/\/www.lamagdalenadeproust.com\/info\/?s={search_term_string}\"},\"query-input\":{\"@type\":\"PropertyValueSpecification\",\"valueRequired\":true,\"valueName\":\"search_term_string\"}}],\"inLanguage\":\"es\"},{\"@type\":\"Organization\",\"@id\":\"https:\/\/www.lamagdalenadeproust.com\/info\/#organization\",\"name\":\"La Magdalena de Proust\",\"url\":\"https:\/\/www.lamagdalenadeproust.com\/info\/\",\"logo\":{\"@type\":\"ImageObject\",\"inLanguage\":\"es\",\"@id\":\"https:\/\/www.lamagdalenadeproust.com\/info\/#\/schema\/logo\/image\/\",\"url\":\"https:\/\/www.lamagdalenadeproust.com\/info\/wp-content\/uploads\/2016\/11\/Magadalena-Proust-Logo.png\",\"contentUrl\":\"https:\/\/www.lamagdalenadeproust.com\/info\/wp-content\/uploads\/2016\/11\/Magadalena-Proust-Logo.png\",\"width\":144,\"height\":105,\"caption\":\"La Magdalena de Proust\"},\"image\":{\"@id\":\"https:\/\/www.lamagdalenadeproust.com\/info\/#\/schema\/logo\/image\/\"}},{\"@type\":\"Person\",\"@id\":\"https:\/\/www.lamagdalenadeproust.com\/info\/#\/schema\/person\/a97b04166cb78a3d643f62b1f896436b\",\"name\":\"Calvo Pichardo\",\"url\":\"https:\/\/www.lamagdalenadeproust.com\/info\/author\/nestor\/\"}]}<\/script>\n<!-- \/ Yoast SEO plugin. -->","yoast_head_json":{"title":"\"La Magdalena de Proust\" en la revista ROSE - Obrador de Pan Artesano","robots":{"index":"index","follow":"follow","max-snippet":"max-snippet:-1","max-image-preview":"max-image-preview:large","max-video-preview":"max-video-preview:-1"},"canonical":"https:\/\/www.lamagdalenadeproust.com\/info\/la-magdalena-de-proust-en-la-revista-rose\/","og_locale":"es_ES","og_type":"article","og_title":"\"La Magdalena de Proust\" en la revista ROSE - Obrador de Pan Artesano","og_description":"Bravo por esta publicaci\u00f3n de y para mujeres valientes, capaces de superar los estragos de la pandemia de nuestra sociedad: El C\u00e1ncer. Muchas gracias a Valerie Dana por esta interesante publicaci\u00f3n. Os adjuntamos su sumario. En la edici\u00f3n de este mes, hemos puesto nuestro granito de arena con unas sencillas recetas de \u00abDesayunos saludables\u00bb .","og_url":"https:\/\/www.lamagdalenadeproust.com\/info\/la-magdalena-de-proust-en-la-revista-rose\/","og_site_name":"Obrador de Pan Artesano","article_published_time":"2015-10-08T18:56:28+00:00","article_modified_time":"2023-02-15T23:29:49+00:00","og_image":[{"width":400,"height":572,"url":"https:\/\/www.lamagdalenadeproust.com\/info\/wp-content\/uploads\/2015\/10\/sumario1-2.jpg","type":"image\/jpeg"}],"author":"Calvo Pichardo","twitter_misc":{"Escrito por":"Calvo Pichardo","Tiempo de lectura":"2 minutos"},"schema":{"@context":"https:\/\/schema.org","@graph":[{"@type":"Article","@id":"https:\/\/www.lamagdalenadeproust.com\/info\/la-magdalena-de-proust-en-la-revista-rose\/#article","isPartOf":{"@id":"https:\/\/www.lamagdalenadeproust.com\/info\/la-magdalena-de-proust-en-la-revista-rose\/"},"author":{"name":"Calvo Pichardo","@id":"https:\/\/www.lamagdalenadeproust.com\/info\/#\/schema\/person\/a97b04166cb78a3d643f62b1f896436b"},"headline":"\u00abLa Magdalena de Proust\u00bb en la revista ROSE","datePublished":"2015-10-08T18:56:28+00:00","dateModified":"2023-02-15T23:29:49+00:00","mainEntityOfPage":{"@id":"https:\/\/www.lamagdalenadeproust.com\/info\/la-magdalena-de-proust-en-la-revista-rose\/"},"wordCount":72,"publisher":{"@id":"https:\/\/www.lamagdalenadeproust.com\/info\/#organization"},"image":{"@id":"https:\/\/www.lamagdalenadeproust.com\/info\/la-magdalena-de-proust-en-la-revista-rose\/#primaryimage"},"thumbnailUrl":"https:\/\/www.lamagdalenadeproust.com\/info\/wp-content\/uploads\/2015\/10\/sumario1-2.jpg","articleSection":["Econoticias"],"inLanguage":"es"},{"@type":"WebPage","@id":"https:\/\/www.lamagdalenadeproust.com\/info\/la-magdalena-de-proust-en-la-revista-rose\/","url":"https:\/\/www.lamagdalenadeproust.com\/info\/la-magdalena-de-proust-en-la-revista-rose\/","name":"\"La Magdalena de Proust\" en la revista ROSE - Obrador de Pan Artesano","isPartOf":{"@id":"https:\/\/www.lamagdalenadeproust.com\/info\/#website"},"primaryImageOfPage":{"@id":"https:\/\/www.lamagdalenadeproust.com\/info\/la-magdalena-de-proust-en-la-revista-rose\/#primaryimage"},"image":{"@id":"https:\/\/www.lamagdalenadeproust.com\/info\/la-magdalena-de-proust-en-la-revista-rose\/#primaryimage"},"thumbnailUrl":"https:\/\/www.lamagdalenadeproust.com\/info\/wp-content\/uploads\/2015\/10\/sumario1-2.jpg","datePublished":"2015-10-08T18:56:28+00:00","dateModified":"2023-02-15T23:29:49+00:00","breadcrumb":{"@id":"https:\/\/www.lamagdalenadeproust.com\/info\/la-magdalena-de-proust-en-la-revista-rose\/#breadcrumb"},"inLanguage":"es","potentialAction":[{"@type":"ReadAction","target":["https:\/\/www.lamagdalenadeproust.com\/info\/la-magdalena-de-proust-en-la-revista-rose\/"]}]},{"@type":"ImageObject","inLanguage":"es","@id":"https:\/\/www.lamagdalenadeproust.com\/info\/la-magdalena-de-proust-en-la-revista-rose\/#primaryimage","url":"https:\/\/www.lamagdalenadeproust.com\/info\/wp-content\/uploads\/2015\/10\/sumario1-2.jpg","contentUrl":"https:\/\/www.lamagdalenadeproust.com\/info\/wp-content\/uploads\/2015\/10\/sumario1-2.jpg","width":400,"height":572,"caption":"sumario1.jpg"},{"@type":"BreadcrumbList","@id":"https:\/\/www.lamagdalenadeproust.com\/info\/la-magdalena-de-proust-en-la-revista-rose\/#breadcrumb","itemListElement":[{"@type":"ListItem","position":1,"name":"Home","item":"https:\/\/www.lamagdalenadeproust.com\/info\/"},{"@type":"ListItem","position":2,"name":"\u00abLa Magdalena de Proust\u00bb en la revista ROSE"}]},{"@type":"WebSite","@id":"https:\/\/www.lamagdalenadeproust.com\/info\/#website","url":"https:\/\/www.lamagdalenadeproust.com\/info\/","name":"Obrador de Pan Artesano","description":"Obrador de pan artesanos en Madrid","publisher":{"@id":"https:\/\/www.lamagdalenadeproust.com\/info\/#organization"},"potentialAction":[{"@type":"SearchAction","target":{"@type":"EntryPoint","urlTemplate":"https:\/\/www.lamagdalenadeproust.com\/info\/?s={search_term_string}"},"query-input":{"@type":"PropertyValueSpecification","valueRequired":true,"valueName":"search_term_string"}}],"inLanguage":"es"},{"@type":"Organization","@id":"https:\/\/www.lamagdalenadeproust.com\/info\/#organization","name":"La Magdalena de Proust","url":"https:\/\/www.lamagdalenadeproust.com\/info\/","logo":{"@type":"ImageObject","inLanguage":"es","@id":"https:\/\/www.lamagdalenadeproust.com\/info\/#\/schema\/logo\/image\/","url":"https:\/\/www.lamagdalenadeproust.com\/info\/wp-content\/uploads\/2016\/11\/Magadalena-Proust-Logo.png","contentUrl":"https:\/\/www.lamagdalenadeproust.com\/info\/wp-content\/uploads\/2016\/11\/Magadalena-Proust-Logo.png","width":144,"height":105,"caption":"La Magdalena de Proust"},"image":{"@id":"https:\/\/www.lamagdalenadeproust.com\/info\/#\/schema\/logo\/image\/"}},{"@type":"Person","@id":"https:\/\/www.lamagdalenadeproust.com\/info\/#\/schema\/person\/a97b04166cb78a3d643f62b1f896436b","name":"Calvo Pichardo","url":"https:\/\/www.lamagdalenadeproust.com\/info\/author\/nestor\/"}]}},"_links":{"self":[{"href":"https:\/\/www.lamagdalenadeproust.com\/info\/wp-json\/wp\/v2\/posts\/6583","targetHints":{"allow":["GET"]}}],"collection":[{"href":"https:\/\/www.lamagdalenadeproust.com\/info\/wp-json\/wp\/v2\/posts"}],"about":[{"href":"https:\/\/www.lamagdalenadeproust.com\/info\/wp-json\/wp\/v2\/types\/post"}],"author":[{"embeddable":true,"href":"https:\/\/www.lamagdalenadeproust.com\/info\/wp-json\/wp\/v2\/users\/75"}],"replies":[{"embeddable":true,"href":"https:\/\/www.lamagdalenadeproust.com\/info\/wp-json\/wp\/v2\/comments?post=6583"}],"version-history":[{"count":1,"href":"https:\/\/www.lamagdalenadeproust.com\/info\/wp-json\/wp\/v2\/posts\/6583\/revisions"}],"predecessor-version":[{"id":8695,"href":"https:\/\/www.lamagdalenadeproust.com\/info\/wp-json\/wp\/v2\/posts\/6583\/revisions\/8695"}],"wp:featuredmedia":[{"embeddable":true,"href":"https:\/\/www.lamagdalenadeproust.com\/info\/wp-json\/wp\/v2\/media\/6687"}],"wp:attachment":[{"href":"https:\/\/www.lamagdalenadeproust.com\/info\/wp-json\/wp\/v2\/media?parent=6583"}],"wp:term":[{"taxonomy":"category","embeddable":true,"href":"https:\/\/www.lamagdalenadeproust.com\/info\/wp-json\/wp\/v2\/categories?post=6583"},{"taxonomy":"post_tag","embeddable":true,"href":"https:\/\/www.lamagdalenadeproust.com\/info\/wp-json\/wp\/v2\/tags?post=6583"}],"curies":[{"name":"wp","href":"https:\/\/api.w.org\/{rel}","templated":true}]}}