{"id":6566,"date":"2015-05-07T14:44:00","date_gmt":"2015-05-07T08:44:00","guid":{"rendered":"http:\/\/lamagdalenadeproust.com\/?p=1020"},"modified":"2015-05-07T14:44:00","modified_gmt":"2015-05-07T08:44:00","slug":"nuestra-escuela-de-cocina-colabora-con-la-asociacion-betel","status":"publish","type":"post","link":"https:\/\/www.lamagdalenadeproust.com\/info\/nuestra-escuela-de-cocina-colabora-con-la-asociacion-betel\/","title":{"rendered":"Nuestra escuela de cocina colabora con la Asociaci\u00f3n Betel."},"content":{"rendered":"<p><span style=\"color: #000721;\"><a href=\"http:\/\/lamagdalenadeproust.com\/wp-content\/uploads\/2015\/05\/BETELCLASEbn.jpg\"><img loading=\"lazy\" decoding=\"async\" class=\"aligncenter size-full wp-image-1021\" src=\"http:\/\/lamagdalenadeproust.com\/wp-content\/uploads\/2015\/05\/BETELCLASEbn.jpg\" alt=\"asociacion betel\" width=\"603\" height=\"439\" \/><\/a><a href=\"http:\/\/lamagdalenadeproust.com\/wp-content\/uploads\/2015\/05\/BETELGRUPO.jpg\"><br \/>\n<\/a>Hemos colaborado con Betel dando un curso de pan con masa madre \u00a0a varios de sus miembros. Betel es una asociaci\u00f3n sin fines de lucro y ONG de Cooperaci\u00f3n al Desarrollo su fin responde a la acogida y atenci\u00f3n de diversos colectivos en situaci\u00f3n o riesgo de exclusi\u00f3n social, destacando el colectivo de drogodependientes. \u00a0Gracias \u00a0a Juan Carlos, coordinador de Betel, por mostrarnos la gran labor que realizan y darnos la oportunidad de compartir el curso con todos ellos.<\/span><\/p>\n","protected":false},"excerpt":{"rendered":"<p>Hemos colaborado con Betel dando un curso de pan con masa madre \u00a0a varios de sus miembros. Betel es una asociaci\u00f3n sin fines de lucro y ONG de Cooperaci\u00f3n al Desarrollo su fin responde a la acogida y atenci\u00f3n de diversos colectivos en situaci\u00f3n o riesgo de exclusi\u00f3n social, destacando el colectivo de drogodependientes. \u00a0Gracias<\/p>\n","protected":false},"author":75,"featured_media":6709,"comment_status":"open","ping_status":"open","sticky":false,"template":"","format":"standard","meta":{"footnotes":""},"categories":[187],"tags":[],"class_list":["post-6566","post","type-post","status-publish","format-standard","has-post-thumbnail","hentry","category-nuestras-historias"],"yoast_head":"<!-- This site is optimized with the Yoast SEO plugin v23.6 - https:\/\/yoast.com\/wordpress\/plugins\/seo\/ -->\n<title>Nuestra escuela de cocina colabora con la Asociaci\u00f3n Betel. - Obrador de Pan Artesano<\/title>\n<meta name=\"robots\" content=\"index, follow, max-snippet:-1, max-image-preview:large, max-video-preview:-1\" \/>\n<link rel=\"canonical\" href=\"https:\/\/www.lamagdalenadeproust.com\/info\/nuestra-escuela-de-cocina-colabora-con-la-asociacion-betel\/\" \/>\n<meta property=\"og:locale\" content=\"es_ES\" \/>\n<meta property=\"og:type\" content=\"article\" \/>\n<meta property=\"og:title\" content=\"Nuestra escuela de cocina colabora con la Asociaci\u00f3n Betel. - Obrador de Pan Artesano\" \/>\n<meta property=\"og:description\" content=\"Hemos colaborado con Betel dando un curso de pan con masa madre \u00a0a varios de sus miembros. Betel es una asociaci\u00f3n sin fines de lucro y ONG de Cooperaci\u00f3n al Desarrollo su fin responde a la acogida y atenci\u00f3n de diversos colectivos en situaci\u00f3n o riesgo de exclusi\u00f3n social, destacando el colectivo de drogodependientes. \u00a0Gracias\" \/>\n<meta property=\"og:url\" content=\"https:\/\/www.lamagdalenadeproust.com\/info\/nuestra-escuela-de-cocina-colabora-con-la-asociacion-betel\/\" \/>\n<meta property=\"og:site_name\" content=\"Obrador de Pan Artesano\" \/>\n<meta property=\"article:published_time\" content=\"2015-05-07T08:44:00+00:00\" \/>\n<meta property=\"og:image\" content=\"https:\/\/www.lamagdalenadeproust.com\/info\/wp-content\/uploads\/2015\/05\/BETELCLASEbn-2.jpg\" \/>\n\t<meta property=\"og:image:width\" content=\"603\" \/>\n\t<meta property=\"og:image:height\" content=\"439\" \/>\n\t<meta property=\"og:image:type\" content=\"image\/jpeg\" \/>\n<meta name=\"author\" content=\"Calvo Pichardo\" \/>\n<meta name=\"twitter:label1\" content=\"Escrito por\" \/>\n\t<meta name=\"twitter:data1\" content=\"Calvo Pichardo\" \/>\n<script type=\"application\/ld+json\" class=\"yoast-schema-graph\">{\"@context\":\"https:\/\/schema.org\",\"@graph\":[{\"@type\":\"Article\",\"@id\":\"https:\/\/www.lamagdalenadeproust.com\/info\/nuestra-escuela-de-cocina-colabora-con-la-asociacion-betel\/#article\",\"isPartOf\":{\"@id\":\"https:\/\/www.lamagdalenadeproust.com\/info\/nuestra-escuela-de-cocina-colabora-con-la-asociacion-betel\/\"},\"author\":{\"name\":\"Calvo Pichardo\",\"@id\":\"https:\/\/www.lamagdalenadeproust.com\/info\/#\/schema\/person\/a97b04166cb78a3d643f62b1f896436b\"},\"headline\":\"Nuestra escuela de cocina colabora con la Asociaci\u00f3n Betel.\",\"datePublished\":\"2015-05-07T08:44:00+00:00\",\"dateModified\":\"2015-05-07T08:44:00+00:00\",\"mainEntityOfPage\":{\"@id\":\"https:\/\/www.lamagdalenadeproust.com\/info\/nuestra-escuela-de-cocina-colabora-con-la-asociacion-betel\/\"},\"wordCount\":94,\"commentCount\":0,\"publisher\":{\"@id\":\"https:\/\/www.lamagdalenadeproust.com\/info\/#organization\"},\"image\":{\"@id\":\"https:\/\/www.lamagdalenadeproust.com\/info\/nuestra-escuela-de-cocina-colabora-con-la-asociacion-betel\/#primaryimage\"},\"thumbnailUrl\":\"https:\/\/www.lamagdalenadeproust.com\/info\/wp-content\/uploads\/2015\/05\/BETELCLASEbn-2.jpg\",\"articleSection\":[\"Nuestras historias\"],\"inLanguage\":\"es\",\"potentialAction\":[{\"@type\":\"CommentAction\",\"name\":\"Comment\",\"target\":[\"https:\/\/www.lamagdalenadeproust.com\/info\/nuestra-escuela-de-cocina-colabora-con-la-asociacion-betel\/#respond\"]}]},{\"@type\":\"WebPage\",\"@id\":\"https:\/\/www.lamagdalenadeproust.com\/info\/nuestra-escuela-de-cocina-colabora-con-la-asociacion-betel\/\",\"url\":\"https:\/\/www.lamagdalenadeproust.com\/info\/nuestra-escuela-de-cocina-colabora-con-la-asociacion-betel\/\",\"name\":\"Nuestra escuela de cocina colabora con la Asociaci\u00f3n Betel. - Obrador de Pan Artesano\",\"isPartOf\":{\"@id\":\"https:\/\/www.lamagdalenadeproust.com\/info\/#website\"},\"primaryImageOfPage\":{\"@id\":\"https:\/\/www.lamagdalenadeproust.com\/info\/nuestra-escuela-de-cocina-colabora-con-la-asociacion-betel\/#primaryimage\"},\"image\":{\"@id\":\"https:\/\/www.lamagdalenadeproust.com\/info\/nuestra-escuela-de-cocina-colabora-con-la-asociacion-betel\/#primaryimage\"},\"thumbnailUrl\":\"https:\/\/www.lamagdalenadeproust.com\/info\/wp-content\/uploads\/2015\/05\/BETELCLASEbn-2.jpg\",\"datePublished\":\"2015-05-07T08:44:00+00:00\",\"dateModified\":\"2015-05-07T08:44:00+00:00\",\"breadcrumb\":{\"@id\":\"https:\/\/www.lamagdalenadeproust.com\/info\/nuestra-escuela-de-cocina-colabora-con-la-asociacion-betel\/#breadcrumb\"},\"inLanguage\":\"es\",\"potentialAction\":[{\"@type\":\"ReadAction\",\"target\":[\"https:\/\/www.lamagdalenadeproust.com\/info\/nuestra-escuela-de-cocina-colabora-con-la-asociacion-betel\/\"]}]},{\"@type\":\"ImageObject\",\"inLanguage\":\"es\",\"@id\":\"https:\/\/www.lamagdalenadeproust.com\/info\/nuestra-escuela-de-cocina-colabora-con-la-asociacion-betel\/#primaryimage\",\"url\":\"https:\/\/www.lamagdalenadeproust.com\/info\/wp-content\/uploads\/2015\/05\/BETELCLASEbn-2.jpg\",\"contentUrl\":\"https:\/\/www.lamagdalenadeproust.com\/info\/wp-content\/uploads\/2015\/05\/BETELCLASEbn-2.jpg\",\"width\":603,\"height\":439,\"caption\":\"BETELCLASEbn.jpg\"},{\"@type\":\"BreadcrumbList\",\"@id\":\"https:\/\/www.lamagdalenadeproust.com\/info\/nuestra-escuela-de-cocina-colabora-con-la-asociacion-betel\/#breadcrumb\",\"itemListElement\":[{\"@type\":\"ListItem\",\"position\":1,\"name\":\"Home\",\"item\":\"https:\/\/www.lamagdalenadeproust.com\/info\/\"},{\"@type\":\"ListItem\",\"position\":2,\"name\":\"Nuestra escuela de cocina colabora con la Asociaci\u00f3n Betel.\"}]},{\"@type\":\"WebSite\",\"@id\":\"https:\/\/www.lamagdalenadeproust.com\/info\/#website\",\"url\":\"https:\/\/www.lamagdalenadeproust.com\/info\/\",\"name\":\"Obrador de Pan Artesano\",\"description\":\"Obrador de pan artesanos en Madrid\",\"publisher\":{\"@id\":\"https:\/\/www.lamagdalenadeproust.com\/info\/#organization\"},\"potentialAction\":[{\"@type\":\"SearchAction\",\"target\":{\"@type\":\"EntryPoint\",\"urlTemplate\":\"https:\/\/www.lamagdalenadeproust.com\/info\/?s={search_term_string}\"},\"query-input\":{\"@type\":\"PropertyValueSpecification\",\"valueRequired\":true,\"valueName\":\"search_term_string\"}}],\"inLanguage\":\"es\"},{\"@type\":\"Organization\",\"@id\":\"https:\/\/www.lamagdalenadeproust.com\/info\/#organization\",\"name\":\"La Magdalena de Proust\",\"url\":\"https:\/\/www.lamagdalenadeproust.com\/info\/\",\"logo\":{\"@type\":\"ImageObject\",\"inLanguage\":\"es\",\"@id\":\"https:\/\/www.lamagdalenadeproust.com\/info\/#\/schema\/logo\/image\/\",\"url\":\"https:\/\/www.lamagdalenadeproust.com\/info\/wp-content\/uploads\/2016\/11\/Magadalena-Proust-Logo.png\",\"contentUrl\":\"https:\/\/www.lamagdalenadeproust.com\/info\/wp-content\/uploads\/2016\/11\/Magadalena-Proust-Logo.png\",\"width\":144,\"height\":105,\"caption\":\"La Magdalena de Proust\"},\"image\":{\"@id\":\"https:\/\/www.lamagdalenadeproust.com\/info\/#\/schema\/logo\/image\/\"}},{\"@type\":\"Person\",\"@id\":\"https:\/\/www.lamagdalenadeproust.com\/info\/#\/schema\/person\/a97b04166cb78a3d643f62b1f896436b\",\"name\":\"Calvo Pichardo\",\"url\":\"https:\/\/www.lamagdalenadeproust.com\/info\/author\/nestor\/\"}]}<\/script>\n<!-- \/ Yoast SEO plugin. -->","yoast_head_json":{"title":"Nuestra escuela de cocina colabora con la Asociaci\u00f3n Betel. - Obrador de Pan Artesano","robots":{"index":"index","follow":"follow","max-snippet":"max-snippet:-1","max-image-preview":"max-image-preview:large","max-video-preview":"max-video-preview:-1"},"canonical":"https:\/\/www.lamagdalenadeproust.com\/info\/nuestra-escuela-de-cocina-colabora-con-la-asociacion-betel\/","og_locale":"es_ES","og_type":"article","og_title":"Nuestra escuela de cocina colabora con la Asociaci\u00f3n Betel. - Obrador de Pan Artesano","og_description":"Hemos colaborado con Betel dando un curso de pan con masa madre \u00a0a varios de sus miembros. Betel es una asociaci\u00f3n sin fines de lucro y ONG de Cooperaci\u00f3n al Desarrollo su fin responde a la acogida y atenci\u00f3n de diversos colectivos en situaci\u00f3n o riesgo de exclusi\u00f3n social, destacando el colectivo de drogodependientes. \u00a0Gracias","og_url":"https:\/\/www.lamagdalenadeproust.com\/info\/nuestra-escuela-de-cocina-colabora-con-la-asociacion-betel\/","og_site_name":"Obrador de Pan Artesano","article_published_time":"2015-05-07T08:44:00+00:00","og_image":[{"width":603,"height":439,"url":"https:\/\/www.lamagdalenadeproust.com\/info\/wp-content\/uploads\/2015\/05\/BETELCLASEbn-2.jpg","type":"image\/jpeg"}],"author":"Calvo Pichardo","twitter_misc":{"Escrito por":"Calvo Pichardo"},"schema":{"@context":"https:\/\/schema.org","@graph":[{"@type":"Article","@id":"https:\/\/www.lamagdalenadeproust.com\/info\/nuestra-escuela-de-cocina-colabora-con-la-asociacion-betel\/#article","isPartOf":{"@id":"https:\/\/www.lamagdalenadeproust.com\/info\/nuestra-escuela-de-cocina-colabora-con-la-asociacion-betel\/"},"author":{"name":"Calvo Pichardo","@id":"https:\/\/www.lamagdalenadeproust.com\/info\/#\/schema\/person\/a97b04166cb78a3d643f62b1f896436b"},"headline":"Nuestra escuela de cocina colabora con la Asociaci\u00f3n Betel.","datePublished":"2015-05-07T08:44:00+00:00","dateModified":"2015-05-07T08:44:00+00:00","mainEntityOfPage":{"@id":"https:\/\/www.lamagdalenadeproust.com\/info\/nuestra-escuela-de-cocina-colabora-con-la-asociacion-betel\/"},"wordCount":94,"commentCount":0,"publisher":{"@id":"https:\/\/www.lamagdalenadeproust.com\/info\/#organization"},"image":{"@id":"https:\/\/www.lamagdalenadeproust.com\/info\/nuestra-escuela-de-cocina-colabora-con-la-asociacion-betel\/#primaryimage"},"thumbnailUrl":"https:\/\/www.lamagdalenadeproust.com\/info\/wp-content\/uploads\/2015\/05\/BETELCLASEbn-2.jpg","articleSection":["Nuestras historias"],"inLanguage":"es","potentialAction":[{"@type":"CommentAction","name":"Comment","target":["https:\/\/www.lamagdalenadeproust.com\/info\/nuestra-escuela-de-cocina-colabora-con-la-asociacion-betel\/#respond"]}]},{"@type":"WebPage","@id":"https:\/\/www.lamagdalenadeproust.com\/info\/nuestra-escuela-de-cocina-colabora-con-la-asociacion-betel\/","url":"https:\/\/www.lamagdalenadeproust.com\/info\/nuestra-escuela-de-cocina-colabora-con-la-asociacion-betel\/","name":"Nuestra escuela de cocina colabora con la Asociaci\u00f3n Betel. - Obrador de Pan Artesano","isPartOf":{"@id":"https:\/\/www.lamagdalenadeproust.com\/info\/#website"},"primaryImageOfPage":{"@id":"https:\/\/www.lamagdalenadeproust.com\/info\/nuestra-escuela-de-cocina-colabora-con-la-asociacion-betel\/#primaryimage"},"image":{"@id":"https:\/\/www.lamagdalenadeproust.com\/info\/nuestra-escuela-de-cocina-colabora-con-la-asociacion-betel\/#primaryimage"},"thumbnailUrl":"https:\/\/www.lamagdalenadeproust.com\/info\/wp-content\/uploads\/2015\/05\/BETELCLASEbn-2.jpg","datePublished":"2015-05-07T08:44:00+00:00","dateModified":"2015-05-07T08:44:00+00:00","breadcrumb":{"@id":"https:\/\/www.lamagdalenadeproust.com\/info\/nuestra-escuela-de-cocina-colabora-con-la-asociacion-betel\/#breadcrumb"},"inLanguage":"es","potentialAction":[{"@type":"ReadAction","target":["https:\/\/www.lamagdalenadeproust.com\/info\/nuestra-escuela-de-cocina-colabora-con-la-asociacion-betel\/"]}]},{"@type":"ImageObject","inLanguage":"es","@id":"https:\/\/www.lamagdalenadeproust.com\/info\/nuestra-escuela-de-cocina-colabora-con-la-asociacion-betel\/#primaryimage","url":"https:\/\/www.lamagdalenadeproust.com\/info\/wp-content\/uploads\/2015\/05\/BETELCLASEbn-2.jpg","contentUrl":"https:\/\/www.lamagdalenadeproust.com\/info\/wp-content\/uploads\/2015\/05\/BETELCLASEbn-2.jpg","width":603,"height":439,"caption":"BETELCLASEbn.jpg"},{"@type":"BreadcrumbList","@id":"https:\/\/www.lamagdalenadeproust.com\/info\/nuestra-escuela-de-cocina-colabora-con-la-asociacion-betel\/#breadcrumb","itemListElement":[{"@type":"ListItem","position":1,"name":"Home","item":"https:\/\/www.lamagdalenadeproust.com\/info\/"},{"@type":"ListItem","position":2,"name":"Nuestra escuela de cocina colabora con la Asociaci\u00f3n Betel."}]},{"@type":"WebSite","@id":"https:\/\/www.lamagdalenadeproust.com\/info\/#website","url":"https:\/\/www.lamagdalenadeproust.com\/info\/","name":"Obrador de Pan Artesano","description":"Obrador de pan artesanos en Madrid","publisher":{"@id":"https:\/\/www.lamagdalenadeproust.com\/info\/#organization"},"potentialAction":[{"@type":"SearchAction","target":{"@type":"EntryPoint","urlTemplate":"https:\/\/www.lamagdalenadeproust.com\/info\/?s={search_term_string}"},"query-input":{"@type":"PropertyValueSpecification","valueRequired":true,"valueName":"search_term_string"}}],"inLanguage":"es"},{"@type":"Organization","@id":"https:\/\/www.lamagdalenadeproust.com\/info\/#organization","name":"La Magdalena de Proust","url":"https:\/\/www.lamagdalenadeproust.com\/info\/","logo":{"@type":"ImageObject","inLanguage":"es","@id":"https:\/\/www.lamagdalenadeproust.com\/info\/#\/schema\/logo\/image\/","url":"https:\/\/www.lamagdalenadeproust.com\/info\/wp-content\/uploads\/2016\/11\/Magadalena-Proust-Logo.png","contentUrl":"https:\/\/www.lamagdalenadeproust.com\/info\/wp-content\/uploads\/2016\/11\/Magadalena-Proust-Logo.png","width":144,"height":105,"caption":"La Magdalena de Proust"},"image":{"@id":"https:\/\/www.lamagdalenadeproust.com\/info\/#\/schema\/logo\/image\/"}},{"@type":"Person","@id":"https:\/\/www.lamagdalenadeproust.com\/info\/#\/schema\/person\/a97b04166cb78a3d643f62b1f896436b","name":"Calvo Pichardo","url":"https:\/\/www.lamagdalenadeproust.com\/info\/author\/nestor\/"}]}},"_links":{"self":[{"href":"https:\/\/www.lamagdalenadeproust.com\/info\/wp-json\/wp\/v2\/posts\/6566","targetHints":{"allow":["GET"]}}],"collection":[{"href":"https:\/\/www.lamagdalenadeproust.com\/info\/wp-json\/wp\/v2\/posts"}],"about":[{"href":"https:\/\/www.lamagdalenadeproust.com\/info\/wp-json\/wp\/v2\/types\/post"}],"author":[{"embeddable":true,"href":"https:\/\/www.lamagdalenadeproust.com\/info\/wp-json\/wp\/v2\/users\/75"}],"replies":[{"embeddable":true,"href":"https:\/\/www.lamagdalenadeproust.com\/info\/wp-json\/wp\/v2\/comments?post=6566"}],"version-history":[{"count":0,"href":"https:\/\/www.lamagdalenadeproust.com\/info\/wp-json\/wp\/v2\/posts\/6566\/revisions"}],"wp:featuredmedia":[{"embeddable":true,"href":"https:\/\/www.lamagdalenadeproust.com\/info\/wp-json\/wp\/v2\/media\/6709"}],"wp:attachment":[{"href":"https:\/\/www.lamagdalenadeproust.com\/info\/wp-json\/wp\/v2\/media?parent=6566"}],"wp:term":[{"taxonomy":"category","embeddable":true,"href":"https:\/\/www.lamagdalenadeproust.com\/info\/wp-json\/wp\/v2\/categories?post=6566"},{"taxonomy":"post_tag","embeddable":true,"href":"https:\/\/www.lamagdalenadeproust.com\/info\/wp-json\/wp\/v2\/tags?post=6566"}],"curies":[{"name":"wp","href":"https:\/\/api.w.org\/{rel}","templated":true}]}}