{"id":6564,"date":"2015-03-31T15:58:20","date_gmt":"2015-03-31T09:58:20","guid":{"rendered":"http:\/\/lamagdalenadeproust.com\/?p=999"},"modified":"2015-03-31T15:58:20","modified_gmt":"2015-03-31T09:58:20","slug":"fresas","status":"publish","type":"post","link":"https:\/\/www.lamagdalenadeproust.com\/info\/fresas\/","title":{"rendered":"Fresas"},"content":{"rendered":"<p style=\"text-align: justify;\"><a href=\"http:\/\/lamagdalenadeproust.com\/wp-content\/uploads\/2015\/03\/fresas.jpeg\"><img loading=\"lazy\" decoding=\"async\" class=\"aligncenter size-full wp-image-1000\" src=\"http:\/\/lamagdalenadeproust.com\/wp-content\/uploads\/2015\/03\/fresas.jpeg\" alt=\"fresas\" width=\"1280\" height=\"853\" \/><\/a><\/p>\n<p style=\"text-align: justify;\">A la sombra de los encinares y lo robledales y junto a los setos al borde los caminos h\u00famedos se encuentra en toda Europa y en la Asia templada el h\u00e1bitat natural de la fresa. Planta perenne que produce brotes nuevos cada a\u00f1o. El fruto que conocemos como fresa, es en realidad un engrosamiento del recept\u00e1culo floral, siendo los puntitos que hay sobre ella los aut\u00e9nticos frutos.<\/p>\n<p style=\"text-align: justify;\">Las fresas son un alimento muy sabroso y nutritivo, rico en vitaminas y minerales. Constituye uno de los principales frutos de la primavera, por lo que no debe faltar en la dieta habitual durante esta estaci\u00f3n del a\u00f1o.<\/p>\n<p style=\"text-align: justify;\">Dentro de sus propiedades cabe destacar que, las fresas son una fuente de fibra, vitamina C y magnesio. Es diur\u00e9tica, adecuada para la gota , artritis y reuma. Sacian y nutren con pocas calor\u00edas por lo que se convierte en un alimento ideal en dietas para la obesidad. Como curiosidad destacamos que contiene cierta cantidad de \u00e1cido salic\u00edlico, como las aspirinas efectivamente, lo que le otorga propiedades analg\u00e9sicas y antiinflamatorias. Y por \u00faltimo destacar\u00eda que protege y mejora el aspecto de la piel y que son muy adecuadas para tratar la gastritis y los problemas de \u00falceras.<\/p>\n<p><strong>GAZPACHO DE FRESAS<\/strong><\/p>\n<p><strong>Ingredientes para 4 personas<\/strong><\/p>\n<p>750 gr. de tomates <em>maduros<\/em><\/p>\n<p>500 gr. de fresas<\/p>\n<p>1 cebolla mediana<\/p>\n<p>1 diente de ajo<\/p>\n<p>1 pimiento verde peque\u00f1o<\/p>\n<p>100 gr. de pan<\/p>\n<p>100 ml. de aceite<\/p>\n<p>50 ml. de vinagre suave<\/p>\n<p>Sal<\/p>\n<p><strong>Preparaci\u00f3n:<\/strong><\/p>\n<p>Limpiamos el pimiento para quedarnos s\u00f3lo con la carne, quitamos los rabitos de las fresas, de los tomates y lo lavamos todo bien. Troceamos todo junto con la cebolla y el diente de ajo picado.<\/p>\n<p>A\u00f1adimos el pan cortado en trocitos y ali\u00f1amos con el aceite y el vinagre.<\/p>\n<p>Batimos todos los ingredientes juntos y pasamos nuestra sopa fr\u00eda de fresas y tomate por el chino o un pasapur\u00e9s, dejando una textura m\u00e1s suave.<\/p>\n<p>Dejaremos enfriar en la nevera y serviremos nuestro gazpacho de fresas en cuenquitos.<\/p>\n","protected":false},"excerpt":{"rendered":"<p>A la sombra de los encinares y lo robledales y junto a los setos al borde los caminos h\u00famedos se encuentra en toda Europa y en la Asia templada el h\u00e1bitat natural de la fresa. Planta perenne que produce brotes nuevos cada a\u00f1o. El fruto que conocemos como fresa, es en realidad un engrosamiento del<\/p>\n","protected":false},"author":500,"featured_media":6644,"comment_status":"open","ping_status":"open","sticky":false,"template":"","format":"standard","meta":{"footnotes":""},"categories":[183,189],"tags":[190,191,199,188,82,200,195,192,201,34,196,193,197,198,194,186],"class_list":["post-6564","post","type-post","status-publish","format-standard","has-post-thumbnail","hentry","category-productos","category-recetas","tag-alimentos-ecologicos","tag-bio","tag-comida-organica","tag-consejos","tag-cursos-de-cocina","tag-cursos-de-cocina-vegetariana","tag-cursos-de-pan","tag-eco","tag-ecologia","tag-la-magdalena-de-proust","tag-obrador-de-pan","tag-pan","tag-pan-ecologico","tag-showcooking","tag-supermercado-ecologico","tag-veganos"],"yoast_head":"<!-- This site is optimized with the Yoast SEO plugin v23.6 - https:\/\/yoast.com\/wordpress\/plugins\/seo\/ -->\n<title>Fresas - Obrador de Pan Artesano<\/title>\n<meta name=\"robots\" content=\"index, follow, max-snippet:-1, max-image-preview:large, max-video-preview:-1\" \/>\n<link rel=\"canonical\" href=\"https:\/\/www.lamagdalenadeproust.com\/info\/fresas\/\" \/>\n<meta property=\"og:locale\" content=\"es_ES\" \/>\n<meta property=\"og:type\" content=\"article\" \/>\n<meta property=\"og:title\" content=\"Fresas - Obrador de Pan Artesano\" \/>\n<meta property=\"og:description\" content=\"A la sombra de los encinares y lo robledales y junto a los setos al borde los caminos h\u00famedos se encuentra en toda Europa y en la Asia templada el h\u00e1bitat natural de la fresa. Planta perenne que produce brotes nuevos cada a\u00f1o. El fruto que conocemos como fresa, es en realidad un engrosamiento del\" \/>\n<meta property=\"og:url\" content=\"https:\/\/www.lamagdalenadeproust.com\/info\/fresas\/\" \/>\n<meta property=\"og:site_name\" content=\"Obrador de Pan Artesano\" \/>\n<meta property=\"article:published_time\" content=\"2015-03-31T09:58:20+00:00\" \/>\n<meta property=\"og:image\" content=\"https:\/\/www.lamagdalenadeproust.com\/info\/wp-content\/uploads\/2015\/03\/fresas.jpg\" \/>\n\t<meta property=\"og:image:width\" content=\"1280\" \/>\n\t<meta property=\"og:image:height\" content=\"853\" \/>\n\t<meta property=\"og:image:type\" content=\"image\/jpeg\" \/>\n<meta name=\"author\" content=\"Ruben\" \/>\n<meta name=\"twitter:label1\" content=\"Escrito por\" \/>\n\t<meta name=\"twitter:data1\" content=\"Ruben\" \/>\n\t<meta name=\"twitter:label2\" content=\"Tiempo de lectura\" \/>\n\t<meta name=\"twitter:data2\" content=\"2 minutos\" \/>\n<script type=\"application\/ld+json\" class=\"yoast-schema-graph\">{\"@context\":\"https:\/\/schema.org\",\"@graph\":[{\"@type\":\"Article\",\"@id\":\"https:\/\/www.lamagdalenadeproust.com\/info\/fresas\/#article\",\"isPartOf\":{\"@id\":\"https:\/\/www.lamagdalenadeproust.com\/info\/fresas\/\"},\"author\":{\"name\":\"Ruben\",\"@id\":\"https:\/\/www.lamagdalenadeproust.com\/info\/#\/schema\/person\/9ba446e5762ca8c4cf461e032fde3623\"},\"headline\":\"Fresas\",\"datePublished\":\"2015-03-31T09:58:20+00:00\",\"dateModified\":\"2015-03-31T09:58:20+00:00\",\"mainEntityOfPage\":{\"@id\":\"https:\/\/www.lamagdalenadeproust.com\/info\/fresas\/\"},\"wordCount\":342,\"commentCount\":0,\"publisher\":{\"@id\":\"https:\/\/www.lamagdalenadeproust.com\/info\/#organization\"},\"image\":{\"@id\":\"https:\/\/www.lamagdalenadeproust.com\/info\/fresas\/#primaryimage\"},\"thumbnailUrl\":\"https:\/\/www.lamagdalenadeproust.com\/info\/wp-content\/uploads\/2015\/03\/fresas.jpg\",\"keywords\":[\"alimentos ecologicos\",\"bio\",\"comida organica\",\"consejos\",\"Cursos de cocina\",\"cursos de cocina vegetariana\",\"cursos de pan\",\"eco\",\"ecologia\",\"La Magdalena de Proust\",\"obrador de pan\",\"pan\",\"pan ecol\u00f3gico\",\"showcooking\",\"supermercado ecologico\",\"veganos\"],\"articleSection\":[\"Productos\",\"Recetas\"],\"inLanguage\":\"es\",\"potentialAction\":[{\"@type\":\"CommentAction\",\"name\":\"Comment\",\"target\":[\"https:\/\/www.lamagdalenadeproust.com\/info\/fresas\/#respond\"]}]},{\"@type\":\"WebPage\",\"@id\":\"https:\/\/www.lamagdalenadeproust.com\/info\/fresas\/\",\"url\":\"https:\/\/www.lamagdalenadeproust.com\/info\/fresas\/\",\"name\":\"Fresas - Obrador de Pan Artesano\",\"isPartOf\":{\"@id\":\"https:\/\/www.lamagdalenadeproust.com\/info\/#website\"},\"primaryImageOfPage\":{\"@id\":\"https:\/\/www.lamagdalenadeproust.com\/info\/fresas\/#primaryimage\"},\"image\":{\"@id\":\"https:\/\/www.lamagdalenadeproust.com\/info\/fresas\/#primaryimage\"},\"thumbnailUrl\":\"https:\/\/www.lamagdalenadeproust.com\/info\/wp-content\/uploads\/2015\/03\/fresas.jpg\",\"datePublished\":\"2015-03-31T09:58:20+00:00\",\"dateModified\":\"2015-03-31T09:58:20+00:00\",\"breadcrumb\":{\"@id\":\"https:\/\/www.lamagdalenadeproust.com\/info\/fresas\/#breadcrumb\"},\"inLanguage\":\"es\",\"potentialAction\":[{\"@type\":\"ReadAction\",\"target\":[\"https:\/\/www.lamagdalenadeproust.com\/info\/fresas\/\"]}]},{\"@type\":\"ImageObject\",\"inLanguage\":\"es\",\"@id\":\"https:\/\/www.lamagdalenadeproust.com\/info\/fresas\/#primaryimage\",\"url\":\"https:\/\/www.lamagdalenadeproust.com\/info\/wp-content\/uploads\/2015\/03\/fresas.jpg\",\"contentUrl\":\"https:\/\/www.lamagdalenadeproust.com\/info\/wp-content\/uploads\/2015\/03\/fresas.jpg\",\"width\":1280,\"height\":853,\"caption\":\"fresas.jpg\"},{\"@type\":\"BreadcrumbList\",\"@id\":\"https:\/\/www.lamagdalenadeproust.com\/info\/fresas\/#breadcrumb\",\"itemListElement\":[{\"@type\":\"ListItem\",\"position\":1,\"name\":\"Home\",\"item\":\"https:\/\/www.lamagdalenadeproust.com\/info\/\"},{\"@type\":\"ListItem\",\"position\":2,\"name\":\"Fresas\"}]},{\"@type\":\"WebSite\",\"@id\":\"https:\/\/www.lamagdalenadeproust.com\/info\/#website\",\"url\":\"https:\/\/www.lamagdalenadeproust.com\/info\/\",\"name\":\"Obrador de Pan Artesano\",\"description\":\"Obrador de pan artesanos en Madrid\",\"publisher\":{\"@id\":\"https:\/\/www.lamagdalenadeproust.com\/info\/#organization\"},\"potentialAction\":[{\"@type\":\"SearchAction\",\"target\":{\"@type\":\"EntryPoint\",\"urlTemplate\":\"https:\/\/www.lamagdalenadeproust.com\/info\/?s={search_term_string}\"},\"query-input\":{\"@type\":\"PropertyValueSpecification\",\"valueRequired\":true,\"valueName\":\"search_term_string\"}}],\"inLanguage\":\"es\"},{\"@type\":\"Organization\",\"@id\":\"https:\/\/www.lamagdalenadeproust.com\/info\/#organization\",\"name\":\"La Magdalena de Proust\",\"url\":\"https:\/\/www.lamagdalenadeproust.com\/info\/\",\"logo\":{\"@type\":\"ImageObject\",\"inLanguage\":\"es\",\"@id\":\"https:\/\/www.lamagdalenadeproust.com\/info\/#\/schema\/logo\/image\/\",\"url\":\"https:\/\/www.lamagdalenadeproust.com\/info\/wp-content\/uploads\/2016\/11\/Magadalena-Proust-Logo.png\",\"contentUrl\":\"https:\/\/www.lamagdalenadeproust.com\/info\/wp-content\/uploads\/2016\/11\/Magadalena-Proust-Logo.png\",\"width\":144,\"height\":105,\"caption\":\"La Magdalena de Proust\"},\"image\":{\"@id\":\"https:\/\/www.lamagdalenadeproust.com\/info\/#\/schema\/logo\/image\/\"}},{\"@type\":\"Person\",\"@id\":\"https:\/\/www.lamagdalenadeproust.com\/info\/#\/schema\/person\/9ba446e5762ca8c4cf461e032fde3623\",\"name\":\"Ruben\",\"url\":\"https:\/\/www.lamagdalenadeproust.com\/info\/author\/vromoran\/\"}]}<\/script>\n<!-- \/ Yoast SEO plugin. -->","yoast_head_json":{"title":"Fresas - Obrador de Pan Artesano","robots":{"index":"index","follow":"follow","max-snippet":"max-snippet:-1","max-image-preview":"max-image-preview:large","max-video-preview":"max-video-preview:-1"},"canonical":"https:\/\/www.lamagdalenadeproust.com\/info\/fresas\/","og_locale":"es_ES","og_type":"article","og_title":"Fresas - Obrador de Pan Artesano","og_description":"A la sombra de los encinares y lo robledales y junto a los setos al borde los caminos h\u00famedos se encuentra en toda Europa y en la Asia templada el h\u00e1bitat natural de la fresa. Planta perenne que produce brotes nuevos cada a\u00f1o. El fruto que conocemos como fresa, es en realidad un engrosamiento del","og_url":"https:\/\/www.lamagdalenadeproust.com\/info\/fresas\/","og_site_name":"Obrador de Pan Artesano","article_published_time":"2015-03-31T09:58:20+00:00","og_image":[{"width":1280,"height":853,"url":"https:\/\/www.lamagdalenadeproust.com\/info\/wp-content\/uploads\/2015\/03\/fresas.jpg","type":"image\/jpeg"}],"author":"Ruben","twitter_misc":{"Escrito por":"Ruben","Tiempo de lectura":"2 minutos"},"schema":{"@context":"https:\/\/schema.org","@graph":[{"@type":"Article","@id":"https:\/\/www.lamagdalenadeproust.com\/info\/fresas\/#article","isPartOf":{"@id":"https:\/\/www.lamagdalenadeproust.com\/info\/fresas\/"},"author":{"name":"Ruben","@id":"https:\/\/www.lamagdalenadeproust.com\/info\/#\/schema\/person\/9ba446e5762ca8c4cf461e032fde3623"},"headline":"Fresas","datePublished":"2015-03-31T09:58:20+00:00","dateModified":"2015-03-31T09:58:20+00:00","mainEntityOfPage":{"@id":"https:\/\/www.lamagdalenadeproust.com\/info\/fresas\/"},"wordCount":342,"commentCount":0,"publisher":{"@id":"https:\/\/www.lamagdalenadeproust.com\/info\/#organization"},"image":{"@id":"https:\/\/www.lamagdalenadeproust.com\/info\/fresas\/#primaryimage"},"thumbnailUrl":"https:\/\/www.lamagdalenadeproust.com\/info\/wp-content\/uploads\/2015\/03\/fresas.jpg","keywords":["alimentos ecologicos","bio","comida organica","consejos","Cursos de cocina","cursos de cocina vegetariana","cursos de pan","eco","ecologia","La Magdalena de Proust","obrador de pan","pan","pan ecol\u00f3gico","showcooking","supermercado ecologico","veganos"],"articleSection":["Productos","Recetas"],"inLanguage":"es","potentialAction":[{"@type":"CommentAction","name":"Comment","target":["https:\/\/www.lamagdalenadeproust.com\/info\/fresas\/#respond"]}]},{"@type":"WebPage","@id":"https:\/\/www.lamagdalenadeproust.com\/info\/fresas\/","url":"https:\/\/www.lamagdalenadeproust.com\/info\/fresas\/","name":"Fresas - Obrador de Pan Artesano","isPartOf":{"@id":"https:\/\/www.lamagdalenadeproust.com\/info\/#website"},"primaryImageOfPage":{"@id":"https:\/\/www.lamagdalenadeproust.com\/info\/fresas\/#primaryimage"},"image":{"@id":"https:\/\/www.lamagdalenadeproust.com\/info\/fresas\/#primaryimage"},"thumbnailUrl":"https:\/\/www.lamagdalenadeproust.com\/info\/wp-content\/uploads\/2015\/03\/fresas.jpg","datePublished":"2015-03-31T09:58:20+00:00","dateModified":"2015-03-31T09:58:20+00:00","breadcrumb":{"@id":"https:\/\/www.lamagdalenadeproust.com\/info\/fresas\/#breadcrumb"},"inLanguage":"es","potentialAction":[{"@type":"ReadAction","target":["https:\/\/www.lamagdalenadeproust.com\/info\/fresas\/"]}]},{"@type":"ImageObject","inLanguage":"es","@id":"https:\/\/www.lamagdalenadeproust.com\/info\/fresas\/#primaryimage","url":"https:\/\/www.lamagdalenadeproust.com\/info\/wp-content\/uploads\/2015\/03\/fresas.jpg","contentUrl":"https:\/\/www.lamagdalenadeproust.com\/info\/wp-content\/uploads\/2015\/03\/fresas.jpg","width":1280,"height":853,"caption":"fresas.jpg"},{"@type":"BreadcrumbList","@id":"https:\/\/www.lamagdalenadeproust.com\/info\/fresas\/#breadcrumb","itemListElement":[{"@type":"ListItem","position":1,"name":"Home","item":"https:\/\/www.lamagdalenadeproust.com\/info\/"},{"@type":"ListItem","position":2,"name":"Fresas"}]},{"@type":"WebSite","@id":"https:\/\/www.lamagdalenadeproust.com\/info\/#website","url":"https:\/\/www.lamagdalenadeproust.com\/info\/","name":"Obrador de Pan Artesano","description":"Obrador de pan artesanos en Madrid","publisher":{"@id":"https:\/\/www.lamagdalenadeproust.com\/info\/#organization"},"potentialAction":[{"@type":"SearchAction","target":{"@type":"EntryPoint","urlTemplate":"https:\/\/www.lamagdalenadeproust.com\/info\/?s={search_term_string}"},"query-input":{"@type":"PropertyValueSpecification","valueRequired":true,"valueName":"search_term_string"}}],"inLanguage":"es"},{"@type":"Organization","@id":"https:\/\/www.lamagdalenadeproust.com\/info\/#organization","name":"La Magdalena de Proust","url":"https:\/\/www.lamagdalenadeproust.com\/info\/","logo":{"@type":"ImageObject","inLanguage":"es","@id":"https:\/\/www.lamagdalenadeproust.com\/info\/#\/schema\/logo\/image\/","url":"https:\/\/www.lamagdalenadeproust.com\/info\/wp-content\/uploads\/2016\/11\/Magadalena-Proust-Logo.png","contentUrl":"https:\/\/www.lamagdalenadeproust.com\/info\/wp-content\/uploads\/2016\/11\/Magadalena-Proust-Logo.png","width":144,"height":105,"caption":"La Magdalena de Proust"},"image":{"@id":"https:\/\/www.lamagdalenadeproust.com\/info\/#\/schema\/logo\/image\/"}},{"@type":"Person","@id":"https:\/\/www.lamagdalenadeproust.com\/info\/#\/schema\/person\/9ba446e5762ca8c4cf461e032fde3623","name":"Ruben","url":"https:\/\/www.lamagdalenadeproust.com\/info\/author\/vromoran\/"}]}},"_links":{"self":[{"href":"https:\/\/www.lamagdalenadeproust.com\/info\/wp-json\/wp\/v2\/posts\/6564","targetHints":{"allow":["GET"]}}],"collection":[{"href":"https:\/\/www.lamagdalenadeproust.com\/info\/wp-json\/wp\/v2\/posts"}],"about":[{"href":"https:\/\/www.lamagdalenadeproust.com\/info\/wp-json\/wp\/v2\/types\/post"}],"author":[{"embeddable":true,"href":"https:\/\/www.lamagdalenadeproust.com\/info\/wp-json\/wp\/v2\/users\/500"}],"replies":[{"embeddable":true,"href":"https:\/\/www.lamagdalenadeproust.com\/info\/wp-json\/wp\/v2\/comments?post=6564"}],"version-history":[{"count":0,"href":"https:\/\/www.lamagdalenadeproust.com\/info\/wp-json\/wp\/v2\/posts\/6564\/revisions"}],"wp:featuredmedia":[{"embeddable":true,"href":"https:\/\/www.lamagdalenadeproust.com\/info\/wp-json\/wp\/v2\/media\/6644"}],"wp:attachment":[{"href":"https:\/\/www.lamagdalenadeproust.com\/info\/wp-json\/wp\/v2\/media?parent=6564"}],"wp:term":[{"taxonomy":"category","embeddable":true,"href":"https:\/\/www.lamagdalenadeproust.com\/info\/wp-json\/wp\/v2\/categories?post=6564"},{"taxonomy":"post_tag","embeddable":true,"href":"https:\/\/www.lamagdalenadeproust.com\/info\/wp-json\/wp\/v2\/tags?post=6564"}],"curies":[{"name":"wp","href":"https:\/\/api.w.org\/{rel}","templated":true}]}}