{"id":6537,"date":"2014-10-29T08:59:01","date_gmt":"2014-10-29T02:59:01","guid":{"rendered":"http:\/\/lamagdalenadeproust.com\/?p=528"},"modified":"2014-10-29T08:59:01","modified_gmt":"2014-10-29T02:59:01","slug":"la-receta-de-la-semana-dahl-de-lentejas-rojas","status":"publish","type":"post","link":"https:\/\/www.lamagdalenadeproust.com\/info\/la-receta-de-la-semana-dahl-de-lentejas-rojas\/","title":{"rendered":"La receta de la semana, Dahl de lentejas rojas."},"content":{"rendered":"<p>Todas las semanas elegiremos una receta del men\u00fa de la magdalena de Proust y la publicaremos para que pod\u00e1is hacerla en casa. No necesitaras ser un experto cocinero para llevarlas a cabo.<\/p>\n<p>Esta semana, <strong>Dahl de Lentejas Rojas.<\/strong><\/p>\n<p><strong>Los ingredientes para 4 personas son:<\/strong><\/p>\n<p>100 g lentejas rojas peladas (suelen comercializarse sin piel)<\/p>\n<p>20 g de ghee (mantequilla clarificada usada muy com\u00fanmente en las cocinas de India y Paquist\u00e1n)<\/p>\n<p>1 cebolla mediana<\/p>\n<p>2 dientes de ajo<\/p>\n<p>1 cucharadita de jengibre rallado<\/p>\n<p>una pizca de chiles molidos<\/p>\n<p>1 cucharada de garam masala<\/p>\n<p>2 tomates maduros.<\/p>\n<p><strong>\u00bfC\u00f3mo se hace?<\/strong><\/p>\n<p>La receta es realmente sencilla, lo que no se puede decir es que sea muy r\u00e1pida.<\/p>\n<p>Ponemos en una cazuela el ghee, y pochamos durante unos minutos la cebolla y el ajo bien picados.<\/p>\n<p>A\u00f1adimos el<strong>\u00a0<\/strong>jengibre, las lentejas, el chile molido, el masala, el tomate troceado\u00a0y la sal. Cubrimos todo con agua,hasta que lo supere un par de dedos\u00a0y cocina a fuego lento removiendo durante un rato.<\/p>\n<p>Le vamos a\u00f1adiendo agua seg\u00fan se vaya quedando sin caldo, pero siempre con cuidado de no pasarnos, es mejor ir a\u00f1adiendo poco a poco a que nos quede aguado. Remueve hasta que las lentejas se vayan deshaciendo y formando un pur\u00e9.<\/p>\n<p>Los \u00faltimo minutos puedes a\u00f1adir un poco de yogur griego (como dos cucharadas) y remover, de esa forma quedar\u00e1 m\u00e1s cremoso.<\/p>\n<p>&nbsp;<\/p>\n<p>Espero que os guste,<\/p>\n<p>Bon app\u00e8tit.<\/p>\n<p><a href=\"http:\/\/lamagdalenadeproust.com\/wp-content\/uploads\/2014\/10\/20120511-020-lentejas-rojas.jpg\"><img loading=\"lazy\" decoding=\"async\" class=\"aligncenter size-full wp-image-529\" src=\"http:\/\/lamagdalenadeproust.com\/wp-content\/uploads\/2014\/10\/20120511-020-lentejas-rojas.jpg\" alt=\"20120511-020-lentejas-rojas\" width=\"580\" height=\"387\" \/><\/a><\/p>\n<p>&nbsp;<\/p>\n<p>&nbsp;<\/p>\n<p>&nbsp;<\/p>\n","protected":false},"excerpt":{"rendered":"<p>Todas las semanas elegiremos una receta del men\u00fa de la magdalena de Proust y la publicaremos para que pod\u00e1is hacerla en casa. No necesitaras ser un experto cocinero para llevarlas a cabo. Esta semana, Dahl de Lentejas Rojas. Los ingredientes para 4 personas son: 100 g lentejas rojas peladas (suelen comercializarse sin piel) 20 g<\/p>\n","protected":false},"author":500,"featured_media":6726,"comment_status":"open","ping_status":"open","sticky":false,"template":"","format":"standard","meta":{"footnotes":""},"categories":[189],"tags":[199,82,200,195,196,193,197,198,194],"class_list":["post-6537","post","type-post","status-publish","format-standard","has-post-thumbnail","hentry","category-recetas","tag-comida-organica","tag-cursos-de-cocina","tag-cursos-de-cocina-vegetariana","tag-cursos-de-pan","tag-obrador-de-pan","tag-pan","tag-pan-ecologico","tag-showcooking","tag-supermercado-ecologico"],"yoast_head":"<!-- This site is optimized with the Yoast SEO plugin v23.6 - https:\/\/yoast.com\/wordpress\/plugins\/seo\/ -->\n<title>La receta de la semana, Dahl de lentejas rojas. - Obrador de Pan Artesano<\/title>\n<meta name=\"robots\" content=\"index, follow, max-snippet:-1, max-image-preview:large, max-video-preview:-1\" \/>\n<link rel=\"canonical\" href=\"https:\/\/www.lamagdalenadeproust.com\/info\/la-receta-de-la-semana-dahl-de-lentejas-rojas\/\" \/>\n<meta property=\"og:locale\" content=\"es_ES\" \/>\n<meta property=\"og:type\" content=\"article\" \/>\n<meta property=\"og:title\" content=\"La receta de la semana, Dahl de lentejas rojas. - Obrador de Pan Artesano\" \/>\n<meta property=\"og:description\" content=\"Todas las semanas elegiremos una receta del men\u00fa de la magdalena de Proust y la publicaremos para que pod\u00e1is hacerla en casa. No necesitaras ser un experto cocinero para llevarlas a cabo. Esta semana, Dahl de Lentejas Rojas. Los ingredientes para 4 personas son: 100 g lentejas rojas peladas (suelen comercializarse sin piel) 20 g\" \/>\n<meta property=\"og:url\" content=\"https:\/\/www.lamagdalenadeproust.com\/info\/la-receta-de-la-semana-dahl-de-lentejas-rojas\/\" \/>\n<meta property=\"og:site_name\" content=\"Obrador de Pan Artesano\" \/>\n<meta property=\"article:published_time\" content=\"2014-10-29T02:59:01+00:00\" \/>\n<meta property=\"og:image\" content=\"https:\/\/www.lamagdalenadeproust.com\/info\/wp-content\/uploads\/2014\/10\/20120511-020-lentejas-rojas-2.jpg\" \/>\n\t<meta property=\"og:image:width\" content=\"580\" \/>\n\t<meta property=\"og:image:height\" content=\"387\" \/>\n\t<meta property=\"og:image:type\" content=\"image\/jpeg\" \/>\n<meta name=\"author\" content=\"Ruben\" \/>\n<meta name=\"twitter:label1\" content=\"Escrito por\" \/>\n\t<meta name=\"twitter:data1\" content=\"Ruben\" \/>\n\t<meta name=\"twitter:label2\" content=\"Tiempo de lectura\" \/>\n\t<meta name=\"twitter:data2\" content=\"1 minuto\" \/>\n<script type=\"application\/ld+json\" class=\"yoast-schema-graph\">{\"@context\":\"https:\/\/schema.org\",\"@graph\":[{\"@type\":\"Article\",\"@id\":\"https:\/\/www.lamagdalenadeproust.com\/info\/la-receta-de-la-semana-dahl-de-lentejas-rojas\/#article\",\"isPartOf\":{\"@id\":\"https:\/\/www.lamagdalenadeproust.com\/info\/la-receta-de-la-semana-dahl-de-lentejas-rojas\/\"},\"author\":{\"name\":\"Ruben\",\"@id\":\"https:\/\/www.lamagdalenadeproust.com\/info\/#\/schema\/person\/9ba446e5762ca8c4cf461e032fde3623\"},\"headline\":\"La receta de la semana, Dahl de lentejas rojas.\",\"datePublished\":\"2014-10-29T02:59:01+00:00\",\"dateModified\":\"2014-10-29T02:59:01+00:00\",\"mainEntityOfPage\":{\"@id\":\"https:\/\/www.lamagdalenadeproust.com\/info\/la-receta-de-la-semana-dahl-de-lentejas-rojas\/\"},\"wordCount\":253,\"commentCount\":0,\"publisher\":{\"@id\":\"https:\/\/www.lamagdalenadeproust.com\/info\/#organization\"},\"image\":{\"@id\":\"https:\/\/www.lamagdalenadeproust.com\/info\/la-receta-de-la-semana-dahl-de-lentejas-rojas\/#primaryimage\"},\"thumbnailUrl\":\"https:\/\/www.lamagdalenadeproust.com\/info\/wp-content\/uploads\/2014\/10\/20120511-020-lentejas-rojas-2.jpg\",\"keywords\":[\"comida organica\",\"Cursos de cocina\",\"cursos de cocina vegetariana\",\"cursos de pan\",\"obrador de pan\",\"pan\",\"pan ecol\u00f3gico\",\"showcooking\",\"supermercado ecologico\"],\"articleSection\":[\"Recetas\"],\"inLanguage\":\"es\",\"potentialAction\":[{\"@type\":\"CommentAction\",\"name\":\"Comment\",\"target\":[\"https:\/\/www.lamagdalenadeproust.com\/info\/la-receta-de-la-semana-dahl-de-lentejas-rojas\/#respond\"]}]},{\"@type\":\"WebPage\",\"@id\":\"https:\/\/www.lamagdalenadeproust.com\/info\/la-receta-de-la-semana-dahl-de-lentejas-rojas\/\",\"url\":\"https:\/\/www.lamagdalenadeproust.com\/info\/la-receta-de-la-semana-dahl-de-lentejas-rojas\/\",\"name\":\"La receta de la semana, Dahl de lentejas rojas. - Obrador de Pan Artesano\",\"isPartOf\":{\"@id\":\"https:\/\/www.lamagdalenadeproust.com\/info\/#website\"},\"primaryImageOfPage\":{\"@id\":\"https:\/\/www.lamagdalenadeproust.com\/info\/la-receta-de-la-semana-dahl-de-lentejas-rojas\/#primaryimage\"},\"image\":{\"@id\":\"https:\/\/www.lamagdalenadeproust.com\/info\/la-receta-de-la-semana-dahl-de-lentejas-rojas\/#primaryimage\"},\"thumbnailUrl\":\"https:\/\/www.lamagdalenadeproust.com\/info\/wp-content\/uploads\/2014\/10\/20120511-020-lentejas-rojas-2.jpg\",\"datePublished\":\"2014-10-29T02:59:01+00:00\",\"dateModified\":\"2014-10-29T02:59:01+00:00\",\"breadcrumb\":{\"@id\":\"https:\/\/www.lamagdalenadeproust.com\/info\/la-receta-de-la-semana-dahl-de-lentejas-rojas\/#breadcrumb\"},\"inLanguage\":\"es\",\"potentialAction\":[{\"@type\":\"ReadAction\",\"target\":[\"https:\/\/www.lamagdalenadeproust.com\/info\/la-receta-de-la-semana-dahl-de-lentejas-rojas\/\"]}]},{\"@type\":\"ImageObject\",\"inLanguage\":\"es\",\"@id\":\"https:\/\/www.lamagdalenadeproust.com\/info\/la-receta-de-la-semana-dahl-de-lentejas-rojas\/#primaryimage\",\"url\":\"https:\/\/www.lamagdalenadeproust.com\/info\/wp-content\/uploads\/2014\/10\/20120511-020-lentejas-rojas-2.jpg\",\"contentUrl\":\"https:\/\/www.lamagdalenadeproust.com\/info\/wp-content\/uploads\/2014\/10\/20120511-020-lentejas-rojas-2.jpg\",\"width\":580,\"height\":387,\"caption\":\"20120511-020-lentejas-rojas.jpg\"},{\"@type\":\"BreadcrumbList\",\"@id\":\"https:\/\/www.lamagdalenadeproust.com\/info\/la-receta-de-la-semana-dahl-de-lentejas-rojas\/#breadcrumb\",\"itemListElement\":[{\"@type\":\"ListItem\",\"position\":1,\"name\":\"Home\",\"item\":\"https:\/\/www.lamagdalenadeproust.com\/info\/\"},{\"@type\":\"ListItem\",\"position\":2,\"name\":\"La receta de la semana, Dahl de lentejas rojas.\"}]},{\"@type\":\"WebSite\",\"@id\":\"https:\/\/www.lamagdalenadeproust.com\/info\/#website\",\"url\":\"https:\/\/www.lamagdalenadeproust.com\/info\/\",\"name\":\"Obrador de Pan Artesano\",\"description\":\"Obrador de pan artesanos en Madrid\",\"publisher\":{\"@id\":\"https:\/\/www.lamagdalenadeproust.com\/info\/#organization\"},\"potentialAction\":[{\"@type\":\"SearchAction\",\"target\":{\"@type\":\"EntryPoint\",\"urlTemplate\":\"https:\/\/www.lamagdalenadeproust.com\/info\/?s={search_term_string}\"},\"query-input\":{\"@type\":\"PropertyValueSpecification\",\"valueRequired\":true,\"valueName\":\"search_term_string\"}}],\"inLanguage\":\"es\"},{\"@type\":\"Organization\",\"@id\":\"https:\/\/www.lamagdalenadeproust.com\/info\/#organization\",\"name\":\"La Magdalena de Proust\",\"url\":\"https:\/\/www.lamagdalenadeproust.com\/info\/\",\"logo\":{\"@type\":\"ImageObject\",\"inLanguage\":\"es\",\"@id\":\"https:\/\/www.lamagdalenadeproust.com\/info\/#\/schema\/logo\/image\/\",\"url\":\"https:\/\/www.lamagdalenadeproust.com\/info\/wp-content\/uploads\/2016\/11\/Magadalena-Proust-Logo.png\",\"contentUrl\":\"https:\/\/www.lamagdalenadeproust.com\/info\/wp-content\/uploads\/2016\/11\/Magadalena-Proust-Logo.png\",\"width\":144,\"height\":105,\"caption\":\"La Magdalena de Proust\"},\"image\":{\"@id\":\"https:\/\/www.lamagdalenadeproust.com\/info\/#\/schema\/logo\/image\/\"}},{\"@type\":\"Person\",\"@id\":\"https:\/\/www.lamagdalenadeproust.com\/info\/#\/schema\/person\/9ba446e5762ca8c4cf461e032fde3623\",\"name\":\"Ruben\",\"url\":\"https:\/\/www.lamagdalenadeproust.com\/info\/author\/vromoran\/\"}]}<\/script>\n<!-- \/ Yoast SEO plugin. -->","yoast_head_json":{"title":"La receta de la semana, Dahl de lentejas rojas. - Obrador de Pan Artesano","robots":{"index":"index","follow":"follow","max-snippet":"max-snippet:-1","max-image-preview":"max-image-preview:large","max-video-preview":"max-video-preview:-1"},"canonical":"https:\/\/www.lamagdalenadeproust.com\/info\/la-receta-de-la-semana-dahl-de-lentejas-rojas\/","og_locale":"es_ES","og_type":"article","og_title":"La receta de la semana, Dahl de lentejas rojas. - Obrador de Pan Artesano","og_description":"Todas las semanas elegiremos una receta del men\u00fa de la magdalena de Proust y la publicaremos para que pod\u00e1is hacerla en casa. No necesitaras ser un experto cocinero para llevarlas a cabo. Esta semana, Dahl de Lentejas Rojas. Los ingredientes para 4 personas son: 100 g lentejas rojas peladas (suelen comercializarse sin piel) 20 g","og_url":"https:\/\/www.lamagdalenadeproust.com\/info\/la-receta-de-la-semana-dahl-de-lentejas-rojas\/","og_site_name":"Obrador de Pan Artesano","article_published_time":"2014-10-29T02:59:01+00:00","og_image":[{"width":580,"height":387,"url":"https:\/\/www.lamagdalenadeproust.com\/info\/wp-content\/uploads\/2014\/10\/20120511-020-lentejas-rojas-2.jpg","type":"image\/jpeg"}],"author":"Ruben","twitter_misc":{"Escrito por":"Ruben","Tiempo de lectura":"1 minuto"},"schema":{"@context":"https:\/\/schema.org","@graph":[{"@type":"Article","@id":"https:\/\/www.lamagdalenadeproust.com\/info\/la-receta-de-la-semana-dahl-de-lentejas-rojas\/#article","isPartOf":{"@id":"https:\/\/www.lamagdalenadeproust.com\/info\/la-receta-de-la-semana-dahl-de-lentejas-rojas\/"},"author":{"name":"Ruben","@id":"https:\/\/www.lamagdalenadeproust.com\/info\/#\/schema\/person\/9ba446e5762ca8c4cf461e032fde3623"},"headline":"La receta de la semana, Dahl de lentejas rojas.","datePublished":"2014-10-29T02:59:01+00:00","dateModified":"2014-10-29T02:59:01+00:00","mainEntityOfPage":{"@id":"https:\/\/www.lamagdalenadeproust.com\/info\/la-receta-de-la-semana-dahl-de-lentejas-rojas\/"},"wordCount":253,"commentCount":0,"publisher":{"@id":"https:\/\/www.lamagdalenadeproust.com\/info\/#organization"},"image":{"@id":"https:\/\/www.lamagdalenadeproust.com\/info\/la-receta-de-la-semana-dahl-de-lentejas-rojas\/#primaryimage"},"thumbnailUrl":"https:\/\/www.lamagdalenadeproust.com\/info\/wp-content\/uploads\/2014\/10\/20120511-020-lentejas-rojas-2.jpg","keywords":["comida organica","Cursos de cocina","cursos de cocina vegetariana","cursos de pan","obrador de pan","pan","pan ecol\u00f3gico","showcooking","supermercado ecologico"],"articleSection":["Recetas"],"inLanguage":"es","potentialAction":[{"@type":"CommentAction","name":"Comment","target":["https:\/\/www.lamagdalenadeproust.com\/info\/la-receta-de-la-semana-dahl-de-lentejas-rojas\/#respond"]}]},{"@type":"WebPage","@id":"https:\/\/www.lamagdalenadeproust.com\/info\/la-receta-de-la-semana-dahl-de-lentejas-rojas\/","url":"https:\/\/www.lamagdalenadeproust.com\/info\/la-receta-de-la-semana-dahl-de-lentejas-rojas\/","name":"La receta de la semana, Dahl de lentejas rojas. - Obrador de Pan Artesano","isPartOf":{"@id":"https:\/\/www.lamagdalenadeproust.com\/info\/#website"},"primaryImageOfPage":{"@id":"https:\/\/www.lamagdalenadeproust.com\/info\/la-receta-de-la-semana-dahl-de-lentejas-rojas\/#primaryimage"},"image":{"@id":"https:\/\/www.lamagdalenadeproust.com\/info\/la-receta-de-la-semana-dahl-de-lentejas-rojas\/#primaryimage"},"thumbnailUrl":"https:\/\/www.lamagdalenadeproust.com\/info\/wp-content\/uploads\/2014\/10\/20120511-020-lentejas-rojas-2.jpg","datePublished":"2014-10-29T02:59:01+00:00","dateModified":"2014-10-29T02:59:01+00:00","breadcrumb":{"@id":"https:\/\/www.lamagdalenadeproust.com\/info\/la-receta-de-la-semana-dahl-de-lentejas-rojas\/#breadcrumb"},"inLanguage":"es","potentialAction":[{"@type":"ReadAction","target":["https:\/\/www.lamagdalenadeproust.com\/info\/la-receta-de-la-semana-dahl-de-lentejas-rojas\/"]}]},{"@type":"ImageObject","inLanguage":"es","@id":"https:\/\/www.lamagdalenadeproust.com\/info\/la-receta-de-la-semana-dahl-de-lentejas-rojas\/#primaryimage","url":"https:\/\/www.lamagdalenadeproust.com\/info\/wp-content\/uploads\/2014\/10\/20120511-020-lentejas-rojas-2.jpg","contentUrl":"https:\/\/www.lamagdalenadeproust.com\/info\/wp-content\/uploads\/2014\/10\/20120511-020-lentejas-rojas-2.jpg","width":580,"height":387,"caption":"20120511-020-lentejas-rojas.jpg"},{"@type":"BreadcrumbList","@id":"https:\/\/www.lamagdalenadeproust.com\/info\/la-receta-de-la-semana-dahl-de-lentejas-rojas\/#breadcrumb","itemListElement":[{"@type":"ListItem","position":1,"name":"Home","item":"https:\/\/www.lamagdalenadeproust.com\/info\/"},{"@type":"ListItem","position":2,"name":"La receta de la semana, Dahl de lentejas rojas."}]},{"@type":"WebSite","@id":"https:\/\/www.lamagdalenadeproust.com\/info\/#website","url":"https:\/\/www.lamagdalenadeproust.com\/info\/","name":"Obrador de Pan Artesano","description":"Obrador de pan artesanos en Madrid","publisher":{"@id":"https:\/\/www.lamagdalenadeproust.com\/info\/#organization"},"potentialAction":[{"@type":"SearchAction","target":{"@type":"EntryPoint","urlTemplate":"https:\/\/www.lamagdalenadeproust.com\/info\/?s={search_term_string}"},"query-input":{"@type":"PropertyValueSpecification","valueRequired":true,"valueName":"search_term_string"}}],"inLanguage":"es"},{"@type":"Organization","@id":"https:\/\/www.lamagdalenadeproust.com\/info\/#organization","name":"La Magdalena de Proust","url":"https:\/\/www.lamagdalenadeproust.com\/info\/","logo":{"@type":"ImageObject","inLanguage":"es","@id":"https:\/\/www.lamagdalenadeproust.com\/info\/#\/schema\/logo\/image\/","url":"https:\/\/www.lamagdalenadeproust.com\/info\/wp-content\/uploads\/2016\/11\/Magadalena-Proust-Logo.png","contentUrl":"https:\/\/www.lamagdalenadeproust.com\/info\/wp-content\/uploads\/2016\/11\/Magadalena-Proust-Logo.png","width":144,"height":105,"caption":"La Magdalena de Proust"},"image":{"@id":"https:\/\/www.lamagdalenadeproust.com\/info\/#\/schema\/logo\/image\/"}},{"@type":"Person","@id":"https:\/\/www.lamagdalenadeproust.com\/info\/#\/schema\/person\/9ba446e5762ca8c4cf461e032fde3623","name":"Ruben","url":"https:\/\/www.lamagdalenadeproust.com\/info\/author\/vromoran\/"}]}},"_links":{"self":[{"href":"https:\/\/www.lamagdalenadeproust.com\/info\/wp-json\/wp\/v2\/posts\/6537","targetHints":{"allow":["GET"]}}],"collection":[{"href":"https:\/\/www.lamagdalenadeproust.com\/info\/wp-json\/wp\/v2\/posts"}],"about":[{"href":"https:\/\/www.lamagdalenadeproust.com\/info\/wp-json\/wp\/v2\/types\/post"}],"author":[{"embeddable":true,"href":"https:\/\/www.lamagdalenadeproust.com\/info\/wp-json\/wp\/v2\/users\/500"}],"replies":[{"embeddable":true,"href":"https:\/\/www.lamagdalenadeproust.com\/info\/wp-json\/wp\/v2\/comments?post=6537"}],"version-history":[{"count":0,"href":"https:\/\/www.lamagdalenadeproust.com\/info\/wp-json\/wp\/v2\/posts\/6537\/revisions"}],"wp:featuredmedia":[{"embeddable":true,"href":"https:\/\/www.lamagdalenadeproust.com\/info\/wp-json\/wp\/v2\/media\/6726"}],"wp:attachment":[{"href":"https:\/\/www.lamagdalenadeproust.com\/info\/wp-json\/wp\/v2\/media?parent=6537"}],"wp:term":[{"taxonomy":"category","embeddable":true,"href":"https:\/\/www.lamagdalenadeproust.com\/info\/wp-json\/wp\/v2\/categories?post=6537"},{"taxonomy":"post_tag","embeddable":true,"href":"https:\/\/www.lamagdalenadeproust.com\/info\/wp-json\/wp\/v2\/tags?post=6537"}],"curies":[{"name":"wp","href":"https:\/\/api.w.org\/{rel}","templated":true}]}}