{"id":6535,"date":"2014-10-17T14:38:43","date_gmt":"2014-10-17T08:38:43","guid":{"rendered":"http:\/\/lamagdalenadeproust.com\/?p=468"},"modified":"2014-10-17T14:38:43","modified_gmt":"2014-10-17T08:38:43","slug":"comete-el-otono-por-carmen-gimenez-cuenca","status":"publish","type":"post","link":"https:\/\/www.lamagdalenadeproust.com\/info\/comete-el-otono-por-carmen-gimenez-cuenca\/","title":{"rendered":"C\u00f3mete el Oto\u00f1o. Por Carmen Gim\u00e9nez Cuenca"},"content":{"rendered":"<p>En oto\u00f1o la naturaleza inicia su recogimiento y se depura en tr\u00e1nsito hacia el invierno. Es el mejor momento para depurar tambi\u00e9n nuestro organismo. Si quieres que los alimentos te aporten toda la energ\u00eda del oto\u00f1o para cultivar una salud vibrante y rejuvenecer, lo mejor es que selecciones alimentos propios de esta estaci\u00f3n. Si lo haces, tu organismo, sincronizado con la tierra, se nutrir\u00e1 en cada momento de lo que m\u00e1s necesita dependiendo de las condiciones medioambientales. Cuando tomas alimentos que provienen de lugares remotos, no estar\u00e1n en sinton\u00eda con tu biorritmo natural y, adem\u00e1s, habr\u00e1n perdido gran parte de su energ\u00eda al ser transportados por largas distancias.<br \/>\n<a href=\"http:\/\/coachingantiaging.wordpress.com\/2014\/09\/29\/comete-el-otono\/\">Leer el art\u00edculo completo<\/a><\/p>\n","protected":false},"excerpt":{"rendered":"<p>En oto\u00f1o la naturaleza inicia su recogimiento y se depura en tr\u00e1nsito hacia el invierno. Es el mejor momento para depurar tambi\u00e9n nuestro organismo. Si quieres que los alimentos te aporten toda la energ\u00eda del oto\u00f1o para cultivar una salud vibrante y rejuvenecer, lo mejor es que selecciones alimentos propios de esta estaci\u00f3n. Si lo<\/p>\n","protected":false},"author":75,"featured_media":469,"comment_status":"open","ping_status":"open","sticky":false,"template":"","format":"standard","meta":{"footnotes":""},"categories":[184],"tags":[],"class_list":["post-6535","post","type-post","status-publish","format-standard","has-post-thumbnail","hentry","category-econoticias"],"yoast_head":"<!-- This site is optimized with the Yoast SEO plugin v23.6 - https:\/\/yoast.com\/wordpress\/plugins\/seo\/ -->\n<title>C\u00f3mete el Oto\u00f1o. Por Carmen Gim\u00e9nez Cuenca. La Magdalena Proust<\/title>\n<meta name=\"description\" content=\"En oto\u00f1o la naturaleza inicia su recogimiento y se depura en tr\u00e1nsito hacia el invierno. Es el mejor momento para depurar tambi\u00e9n nuestro organismo.\" \/>\n<meta name=\"robots\" content=\"index, follow, max-snippet:-1, max-image-preview:large, max-video-preview:-1\" \/>\n<link rel=\"canonical\" href=\"https:\/\/www.lamagdalenadeproust.com\/info\/comete-el-otono-por-carmen-gimenez-cuenca\/\" \/>\n<meta property=\"og:locale\" content=\"es_ES\" \/>\n<meta property=\"og:type\" content=\"article\" \/>\n<meta property=\"og:title\" content=\"C\u00f3mete el Oto\u00f1o. Por Carmen Gim\u00e9nez Cuenca. La Magdalena Proust\" \/>\n<meta property=\"og:description\" content=\"En oto\u00f1o la naturaleza inicia su recogimiento y se depura en tr\u00e1nsito hacia el invierno. Es el mejor momento para depurar tambi\u00e9n nuestro organismo.\" \/>\n<meta property=\"og:url\" content=\"https:\/\/www.lamagdalenadeproust.com\/info\/comete-el-otono-por-carmen-gimenez-cuenca\/\" \/>\n<meta property=\"og:site_name\" content=\"Obrador de Pan Artesano\" \/>\n<meta property=\"article:published_time\" content=\"2014-10-17T08:38:43+00:00\" \/>\n<meta name=\"author\" content=\"Calvo Pichardo\" \/>\n<meta name=\"twitter:label1\" content=\"Escrito por\" \/>\n\t<meta name=\"twitter:data1\" content=\"Calvo Pichardo\" \/>\n\t<meta name=\"twitter:label2\" content=\"Tiempo de lectura\" \/>\n\t<meta name=\"twitter:data2\" content=\"1 minuto\" \/>\n<script type=\"application\/ld+json\" class=\"yoast-schema-graph\">{\"@context\":\"https:\/\/schema.org\",\"@graph\":[{\"@type\":\"Article\",\"@id\":\"https:\/\/www.lamagdalenadeproust.com\/info\/comete-el-otono-por-carmen-gimenez-cuenca\/#article\",\"isPartOf\":{\"@id\":\"https:\/\/www.lamagdalenadeproust.com\/info\/comete-el-otono-por-carmen-gimenez-cuenca\/\"},\"author\":{\"name\":\"Calvo Pichardo\",\"@id\":\"https:\/\/www.lamagdalenadeproust.com\/info\/#\/schema\/person\/a97b04166cb78a3d643f62b1f896436b\"},\"headline\":\"C\u00f3mete el Oto\u00f1o. Por Carmen Gim\u00e9nez Cuenca\",\"datePublished\":\"2014-10-17T08:38:43+00:00\",\"dateModified\":\"2014-10-17T08:38:43+00:00\",\"mainEntityOfPage\":{\"@id\":\"https:\/\/www.lamagdalenadeproust.com\/info\/comete-el-otono-por-carmen-gimenez-cuenca\/\"},\"wordCount\":135,\"commentCount\":0,\"publisher\":{\"@id\":\"https:\/\/www.lamagdalenadeproust.com\/info\/#organization\"},\"image\":{\"@id\":\"https:\/\/www.lamagdalenadeproust.com\/info\/comete-el-otono-por-carmen-gimenez-cuenca\/#primaryimage\"},\"thumbnailUrl\":\"\",\"articleSection\":[\"Econoticias\"],\"inLanguage\":\"es\",\"potentialAction\":[{\"@type\":\"CommentAction\",\"name\":\"Comment\",\"target\":[\"https:\/\/www.lamagdalenadeproust.com\/info\/comete-el-otono-por-carmen-gimenez-cuenca\/#respond\"]}]},{\"@type\":\"WebPage\",\"@id\":\"https:\/\/www.lamagdalenadeproust.com\/info\/comete-el-otono-por-carmen-gimenez-cuenca\/\",\"url\":\"https:\/\/www.lamagdalenadeproust.com\/info\/comete-el-otono-por-carmen-gimenez-cuenca\/\",\"name\":\"C\u00f3mete el Oto\u00f1o. Por Carmen Gim\u00e9nez Cuenca. La Magdalena Proust\",\"isPartOf\":{\"@id\":\"https:\/\/www.lamagdalenadeproust.com\/info\/#website\"},\"primaryImageOfPage\":{\"@id\":\"https:\/\/www.lamagdalenadeproust.com\/info\/comete-el-otono-por-carmen-gimenez-cuenca\/#primaryimage\"},\"image\":{\"@id\":\"https:\/\/www.lamagdalenadeproust.com\/info\/comete-el-otono-por-carmen-gimenez-cuenca\/#primaryimage\"},\"thumbnailUrl\":\"\",\"datePublished\":\"2014-10-17T08:38:43+00:00\",\"dateModified\":\"2014-10-17T08:38:43+00:00\",\"description\":\"En oto\u00f1o la naturaleza inicia su recogimiento y se depura en tr\u00e1nsito hacia el invierno. Es el mejor momento para depurar tambi\u00e9n nuestro organismo.\",\"breadcrumb\":{\"@id\":\"https:\/\/www.lamagdalenadeproust.com\/info\/comete-el-otono-por-carmen-gimenez-cuenca\/#breadcrumb\"},\"inLanguage\":\"es\",\"potentialAction\":[{\"@type\":\"ReadAction\",\"target\":[\"https:\/\/www.lamagdalenadeproust.com\/info\/comete-el-otono-por-carmen-gimenez-cuenca\/\"]}]},{\"@type\":\"ImageObject\",\"inLanguage\":\"es\",\"@id\":\"https:\/\/www.lamagdalenadeproust.com\/info\/comete-el-otono-por-carmen-gimenez-cuenca\/#primaryimage\",\"url\":\"\",\"contentUrl\":\"\"},{\"@type\":\"BreadcrumbList\",\"@id\":\"https:\/\/www.lamagdalenadeproust.com\/info\/comete-el-otono-por-carmen-gimenez-cuenca\/#breadcrumb\",\"itemListElement\":[{\"@type\":\"ListItem\",\"position\":1,\"name\":\"Home\",\"item\":\"https:\/\/www.lamagdalenadeproust.com\/info\/\"},{\"@type\":\"ListItem\",\"position\":2,\"name\":\"C\u00f3mete el Oto\u00f1o. Por Carmen Gim\u00e9nez Cuenca\"}]},{\"@type\":\"WebSite\",\"@id\":\"https:\/\/www.lamagdalenadeproust.com\/info\/#website\",\"url\":\"https:\/\/www.lamagdalenadeproust.com\/info\/\",\"name\":\"Obrador de Pan Artesano\",\"description\":\"Obrador de pan artesanos en Madrid\",\"publisher\":{\"@id\":\"https:\/\/www.lamagdalenadeproust.com\/info\/#organization\"},\"potentialAction\":[{\"@type\":\"SearchAction\",\"target\":{\"@type\":\"EntryPoint\",\"urlTemplate\":\"https:\/\/www.lamagdalenadeproust.com\/info\/?s={search_term_string}\"},\"query-input\":{\"@type\":\"PropertyValueSpecification\",\"valueRequired\":true,\"valueName\":\"search_term_string\"}}],\"inLanguage\":\"es\"},{\"@type\":\"Organization\",\"@id\":\"https:\/\/www.lamagdalenadeproust.com\/info\/#organization\",\"name\":\"La Magdalena de Proust\",\"url\":\"https:\/\/www.lamagdalenadeproust.com\/info\/\",\"logo\":{\"@type\":\"ImageObject\",\"inLanguage\":\"es\",\"@id\":\"https:\/\/www.lamagdalenadeproust.com\/info\/#\/schema\/logo\/image\/\",\"url\":\"https:\/\/www.lamagdalenadeproust.com\/info\/wp-content\/uploads\/2016\/11\/Magadalena-Proust-Logo.png\",\"contentUrl\":\"https:\/\/www.lamagdalenadeproust.com\/info\/wp-content\/uploads\/2016\/11\/Magadalena-Proust-Logo.png\",\"width\":144,\"height\":105,\"caption\":\"La Magdalena de Proust\"},\"image\":{\"@id\":\"https:\/\/www.lamagdalenadeproust.com\/info\/#\/schema\/logo\/image\/\"}},{\"@type\":\"Person\",\"@id\":\"https:\/\/www.lamagdalenadeproust.com\/info\/#\/schema\/person\/a97b04166cb78a3d643f62b1f896436b\",\"name\":\"Calvo Pichardo\",\"url\":\"https:\/\/www.lamagdalenadeproust.com\/info\/author\/nestor\/\"}]}<\/script>\n<!-- \/ Yoast SEO plugin. -->","yoast_head_json":{"title":"C\u00f3mete el Oto\u00f1o. Por Carmen Gim\u00e9nez Cuenca. La Magdalena Proust","description":"En oto\u00f1o la naturaleza inicia su recogimiento y se depura en tr\u00e1nsito hacia el invierno. Es el mejor momento para depurar tambi\u00e9n nuestro organismo.","robots":{"index":"index","follow":"follow","max-snippet":"max-snippet:-1","max-image-preview":"max-image-preview:large","max-video-preview":"max-video-preview:-1"},"canonical":"https:\/\/www.lamagdalenadeproust.com\/info\/comete-el-otono-por-carmen-gimenez-cuenca\/","og_locale":"es_ES","og_type":"article","og_title":"C\u00f3mete el Oto\u00f1o. Por Carmen Gim\u00e9nez Cuenca. La Magdalena Proust","og_description":"En oto\u00f1o la naturaleza inicia su recogimiento y se depura en tr\u00e1nsito hacia el invierno. Es el mejor momento para depurar tambi\u00e9n nuestro organismo.","og_url":"https:\/\/www.lamagdalenadeproust.com\/info\/comete-el-otono-por-carmen-gimenez-cuenca\/","og_site_name":"Obrador de Pan Artesano","article_published_time":"2014-10-17T08:38:43+00:00","author":"Calvo Pichardo","twitter_misc":{"Escrito por":"Calvo Pichardo","Tiempo de lectura":"1 minuto"},"schema":{"@context":"https:\/\/schema.org","@graph":[{"@type":"Article","@id":"https:\/\/www.lamagdalenadeproust.com\/info\/comete-el-otono-por-carmen-gimenez-cuenca\/#article","isPartOf":{"@id":"https:\/\/www.lamagdalenadeproust.com\/info\/comete-el-otono-por-carmen-gimenez-cuenca\/"},"author":{"name":"Calvo Pichardo","@id":"https:\/\/www.lamagdalenadeproust.com\/info\/#\/schema\/person\/a97b04166cb78a3d643f62b1f896436b"},"headline":"C\u00f3mete el Oto\u00f1o. Por Carmen Gim\u00e9nez Cuenca","datePublished":"2014-10-17T08:38:43+00:00","dateModified":"2014-10-17T08:38:43+00:00","mainEntityOfPage":{"@id":"https:\/\/www.lamagdalenadeproust.com\/info\/comete-el-otono-por-carmen-gimenez-cuenca\/"},"wordCount":135,"commentCount":0,"publisher":{"@id":"https:\/\/www.lamagdalenadeproust.com\/info\/#organization"},"image":{"@id":"https:\/\/www.lamagdalenadeproust.com\/info\/comete-el-otono-por-carmen-gimenez-cuenca\/#primaryimage"},"thumbnailUrl":"","articleSection":["Econoticias"],"inLanguage":"es","potentialAction":[{"@type":"CommentAction","name":"Comment","target":["https:\/\/www.lamagdalenadeproust.com\/info\/comete-el-otono-por-carmen-gimenez-cuenca\/#respond"]}]},{"@type":"WebPage","@id":"https:\/\/www.lamagdalenadeproust.com\/info\/comete-el-otono-por-carmen-gimenez-cuenca\/","url":"https:\/\/www.lamagdalenadeproust.com\/info\/comete-el-otono-por-carmen-gimenez-cuenca\/","name":"C\u00f3mete el Oto\u00f1o. Por Carmen Gim\u00e9nez Cuenca. La Magdalena Proust","isPartOf":{"@id":"https:\/\/www.lamagdalenadeproust.com\/info\/#website"},"primaryImageOfPage":{"@id":"https:\/\/www.lamagdalenadeproust.com\/info\/comete-el-otono-por-carmen-gimenez-cuenca\/#primaryimage"},"image":{"@id":"https:\/\/www.lamagdalenadeproust.com\/info\/comete-el-otono-por-carmen-gimenez-cuenca\/#primaryimage"},"thumbnailUrl":"","datePublished":"2014-10-17T08:38:43+00:00","dateModified":"2014-10-17T08:38:43+00:00","description":"En oto\u00f1o la naturaleza inicia su recogimiento y se depura en tr\u00e1nsito hacia el invierno. Es el mejor momento para depurar tambi\u00e9n nuestro organismo.","breadcrumb":{"@id":"https:\/\/www.lamagdalenadeproust.com\/info\/comete-el-otono-por-carmen-gimenez-cuenca\/#breadcrumb"},"inLanguage":"es","potentialAction":[{"@type":"ReadAction","target":["https:\/\/www.lamagdalenadeproust.com\/info\/comete-el-otono-por-carmen-gimenez-cuenca\/"]}]},{"@type":"ImageObject","inLanguage":"es","@id":"https:\/\/www.lamagdalenadeproust.com\/info\/comete-el-otono-por-carmen-gimenez-cuenca\/#primaryimage","url":"","contentUrl":""},{"@type":"BreadcrumbList","@id":"https:\/\/www.lamagdalenadeproust.com\/info\/comete-el-otono-por-carmen-gimenez-cuenca\/#breadcrumb","itemListElement":[{"@type":"ListItem","position":1,"name":"Home","item":"https:\/\/www.lamagdalenadeproust.com\/info\/"},{"@type":"ListItem","position":2,"name":"C\u00f3mete el Oto\u00f1o. Por Carmen Gim\u00e9nez Cuenca"}]},{"@type":"WebSite","@id":"https:\/\/www.lamagdalenadeproust.com\/info\/#website","url":"https:\/\/www.lamagdalenadeproust.com\/info\/","name":"Obrador de Pan Artesano","description":"Obrador de pan artesanos en Madrid","publisher":{"@id":"https:\/\/www.lamagdalenadeproust.com\/info\/#organization"},"potentialAction":[{"@type":"SearchAction","target":{"@type":"EntryPoint","urlTemplate":"https:\/\/www.lamagdalenadeproust.com\/info\/?s={search_term_string}"},"query-input":{"@type":"PropertyValueSpecification","valueRequired":true,"valueName":"search_term_string"}}],"inLanguage":"es"},{"@type":"Organization","@id":"https:\/\/www.lamagdalenadeproust.com\/info\/#organization","name":"La Magdalena de Proust","url":"https:\/\/www.lamagdalenadeproust.com\/info\/","logo":{"@type":"ImageObject","inLanguage":"es","@id":"https:\/\/www.lamagdalenadeproust.com\/info\/#\/schema\/logo\/image\/","url":"https:\/\/www.lamagdalenadeproust.com\/info\/wp-content\/uploads\/2016\/11\/Magadalena-Proust-Logo.png","contentUrl":"https:\/\/www.lamagdalenadeproust.com\/info\/wp-content\/uploads\/2016\/11\/Magadalena-Proust-Logo.png","width":144,"height":105,"caption":"La Magdalena de Proust"},"image":{"@id":"https:\/\/www.lamagdalenadeproust.com\/info\/#\/schema\/logo\/image\/"}},{"@type":"Person","@id":"https:\/\/www.lamagdalenadeproust.com\/info\/#\/schema\/person\/a97b04166cb78a3d643f62b1f896436b","name":"Calvo Pichardo","url":"https:\/\/www.lamagdalenadeproust.com\/info\/author\/nestor\/"}]}},"_links":{"self":[{"href":"https:\/\/www.lamagdalenadeproust.com\/info\/wp-json\/wp\/v2\/posts\/6535","targetHints":{"allow":["GET"]}}],"collection":[{"href":"https:\/\/www.lamagdalenadeproust.com\/info\/wp-json\/wp\/v2\/posts"}],"about":[{"href":"https:\/\/www.lamagdalenadeproust.com\/info\/wp-json\/wp\/v2\/types\/post"}],"author":[{"embeddable":true,"href":"https:\/\/www.lamagdalenadeproust.com\/info\/wp-json\/wp\/v2\/users\/75"}],"replies":[{"embeddable":true,"href":"https:\/\/www.lamagdalenadeproust.com\/info\/wp-json\/wp\/v2\/comments?post=6535"}],"version-history":[{"count":0,"href":"https:\/\/www.lamagdalenadeproust.com\/info\/wp-json\/wp\/v2\/posts\/6535\/revisions"}],"wp:featuredmedia":[{"embeddable":true,"href":"https:\/\/www.lamagdalenadeproust.com\/info\/wp-json\/"}],"wp:attachment":[{"href":"https:\/\/www.lamagdalenadeproust.com\/info\/wp-json\/wp\/v2\/media?parent=6535"}],"wp:term":[{"taxonomy":"category","embeddable":true,"href":"https:\/\/www.lamagdalenadeproust.com\/info\/wp-json\/wp\/v2\/categories?post=6535"},{"taxonomy":"post_tag","embeddable":true,"href":"https:\/\/www.lamagdalenadeproust.com\/info\/wp-json\/wp\/v2\/tags?post=6535"}],"curies":[{"name":"wp","href":"https:\/\/api.w.org\/{rel}","templated":true}]}}