{"id":604,"date":"2014-11-12T18:39:26","date_gmt":"2014-11-12T12:39:26","guid":{"rendered":"http:\/\/lamagdalenadeproust.com\/?p=604"},"modified":"2014-11-12T18:39:26","modified_gmt":"2014-11-12T12:39:26","slug":"crema-de-brocoli","status":"publish","type":"post","link":"https:\/\/www.lamagdalenadeproust.com\/info\/crema-de-brocoli\/","title":{"rendered":"Crema de br\u00f3coli"},"content":{"rendered":"<p style=\"text-align: justify;\"><a href=\"http:\/\/lamagdalenadeproust.com\/wp-content\/uploads\/2014\/11\/url1.jpeg\"><img loading=\"lazy\" decoding=\"async\" class=\"aligncenter size-full wp-image-605\" src=\"http:\/\/lamagdalenadeproust.com\/wp-content\/uploads\/2014\/11\/url1.jpeg\" alt=\"\" width=\"610\" height=\"610\" \/><\/a><\/p>\n<p style=\"text-align: justify;\">Con la llegada del frio comienzan a apetecer esos platos calientes de cuchara que tan olvidados dejamos en verano. Siguiendo con nuestros platos sencillos y saludables hoy vamos a preparar una crema de br\u00f3coli.<\/p>\n<p style=\"text-align: justify;\">\u00a0Para su elaboraci\u00f3n necesitamos:<\/p>\n<p style=\"text-align: justify;\">&#8211; 500 g. de Br\u00f3coli<\/p>\n<p style=\"text-align: justify;\">&#8211; 2 Zanahorias<\/p>\n<p style=\"text-align: justify;\">&#8211; 1 Cebolla<\/p>\n<p style=\"text-align: justify;\">&#8211; 1 diente de Ajo<\/p>\n<p style=\"text-align: justify;\">&#8211; 2 cucharadas de Aceite<\/p>\n<p style=\"text-align: justify;\">&#8211; 250 ml.\u00a0 de Nata<\/p>\n<p style=\"text-align: justify;\">&#8211; 3 tazas de caldo de pollo<\/p>\n<p style=\"text-align: justify;\">&#8211; Sal y Pimienta al gusto.<\/p>\n<p style=\"text-align: justify;\">\u00a0La elaboraci\u00f3n es de lo m\u00e1s sencillo que puedas encontrarte en la cocina, comienzas picando\/troceando \u00a0las verduras, a continuaci\u00f3n pones aceite en una cazuela y comienzas a saltear la verdura. En primer lugar la cebolla, despu\u00e9s el ajo, la zanahoria y por \u00faltimo el br\u00f3coli.<\/p>\n<p style=\"text-align: justify;\">A\u00f1ades el caldo de pollo y completas con agua hasta cubrir las verduras, lo dejas cocer hasta que las verduras est\u00e9n suaves (unos 30 minutos aprox.).<\/p>\n<p style=\"text-align: justify;\">Por \u00faltimo procesas o lic\u00faas la verdura y le a\u00f1ades la crema, lo mueves hasta que se integren todos los ingredientes. Condimentar con sal y pimienta al gusto.<\/p>\n<p style=\"text-align: justify;\">\n","protected":false},"excerpt":{"rendered":"<p>Con la llegada del frio comienzan a apetecer esos platos calientes de cuchara que tan olvidados dejamos en verano. Siguiendo con nuestros platos sencillos y saludables hoy vamos a preparar una crema de br\u00f3coli. \u00a0Para su elaboraci\u00f3n necesitamos: &#8211; 500 g. de Br\u00f3coli &#8211; 2 Zanahorias &#8211; 1 Cebolla &#8211; 1 diente de Ajo &#8211;<\/p>\n","protected":false},"author":500,"featured_media":6634,"comment_status":"open","ping_status":"open","sticky":false,"template":"","format":"standard","meta":{"footnotes":""},"categories":[189],"tags":[],"class_list":["post-604","post","type-post","status-publish","format-standard","has-post-thumbnail","hentry","category-recetas"],"yoast_head":"<!-- This site is optimized with the Yoast SEO plugin v23.6 - https:\/\/yoast.com\/wordpress\/plugins\/seo\/ -->\n<title>Crema de br\u00f3coli - Obrador de Pan Artesano<\/title>\n<meta name=\"robots\" content=\"index, follow, max-snippet:-1, max-image-preview:large, max-video-preview:-1\" \/>\n<link rel=\"canonical\" href=\"https:\/\/www.lamagdalenadeproust.com\/info\/crema-de-brocoli\/\" \/>\n<meta property=\"og:locale\" content=\"es_ES\" \/>\n<meta property=\"og:type\" content=\"article\" \/>\n<meta property=\"og:title\" content=\"Crema de br\u00f3coli - Obrador de Pan Artesano\" \/>\n<meta property=\"og:description\" content=\"Con la llegada del frio comienzan a apetecer esos platos calientes de cuchara que tan olvidados dejamos en verano. Siguiendo con nuestros platos sencillos y saludables hoy vamos a preparar una crema de br\u00f3coli. \u00a0Para su elaboraci\u00f3n necesitamos: &#8211; 500 g. de Br\u00f3coli &#8211; 2 Zanahorias &#8211; 1 Cebolla &#8211; 1 diente de Ajo &#8211;\" \/>\n<meta property=\"og:url\" content=\"https:\/\/www.lamagdalenadeproust.com\/info\/crema-de-brocoli\/\" \/>\n<meta property=\"og:site_name\" content=\"Obrador de Pan Artesano\" \/>\n<meta property=\"article:published_time\" content=\"2014-11-12T12:39:26+00:00\" \/>\n<meta property=\"og:image\" content=\"https:\/\/www.lamagdalenadeproust.com\/info\/wp-content\/uploads\/2014\/11\/url1.jpg\" \/>\n\t<meta property=\"og:image:width\" content=\"610\" \/>\n\t<meta property=\"og:image:height\" content=\"610\" \/>\n\t<meta property=\"og:image:type\" content=\"image\/jpeg\" \/>\n<meta name=\"author\" content=\"Ruben\" \/>\n<meta name=\"twitter:label1\" content=\"Escrito por\" \/>\n\t<meta name=\"twitter:data1\" content=\"Ruben\" \/>\n\t<meta name=\"twitter:label2\" content=\"Tiempo de lectura\" \/>\n\t<meta name=\"twitter:data2\" content=\"1 minuto\" \/>\n<script type=\"application\/ld+json\" class=\"yoast-schema-graph\">{\"@context\":\"https:\/\/schema.org\",\"@graph\":[{\"@type\":\"Article\",\"@id\":\"https:\/\/www.lamagdalenadeproust.com\/info\/crema-de-brocoli\/#article\",\"isPartOf\":{\"@id\":\"https:\/\/www.lamagdalenadeproust.com\/info\/crema-de-brocoli\/\"},\"author\":{\"name\":\"Ruben\",\"@id\":\"https:\/\/www.lamagdalenadeproust.com\/info\/#\/schema\/person\/9ba446e5762ca8c4cf461e032fde3623\"},\"headline\":\"Crema de br\u00f3coli\",\"datePublished\":\"2014-11-12T12:39:26+00:00\",\"dateModified\":\"2014-11-12T12:39:26+00:00\",\"mainEntityOfPage\":{\"@id\":\"https:\/\/www.lamagdalenadeproust.com\/info\/crema-de-brocoli\/\"},\"wordCount\":185,\"commentCount\":0,\"publisher\":{\"@id\":\"https:\/\/www.lamagdalenadeproust.com\/info\/#organization\"},\"image\":{\"@id\":\"https:\/\/www.lamagdalenadeproust.com\/info\/crema-de-brocoli\/#primaryimage\"},\"thumbnailUrl\":\"https:\/\/www.lamagdalenadeproust.com\/info\/wp-content\/uploads\/2014\/11\/url1.jpg\",\"articleSection\":[\"Recetas\"],\"inLanguage\":\"es\",\"potentialAction\":[{\"@type\":\"CommentAction\",\"name\":\"Comment\",\"target\":[\"https:\/\/www.lamagdalenadeproust.com\/info\/crema-de-brocoli\/#respond\"]}]},{\"@type\":\"WebPage\",\"@id\":\"https:\/\/www.lamagdalenadeproust.com\/info\/crema-de-brocoli\/\",\"url\":\"https:\/\/www.lamagdalenadeproust.com\/info\/crema-de-brocoli\/\",\"name\":\"Crema de br\u00f3coli - Obrador de Pan Artesano\",\"isPartOf\":{\"@id\":\"https:\/\/www.lamagdalenadeproust.com\/info\/#website\"},\"primaryImageOfPage\":{\"@id\":\"https:\/\/www.lamagdalenadeproust.com\/info\/crema-de-brocoli\/#primaryimage\"},\"image\":{\"@id\":\"https:\/\/www.lamagdalenadeproust.com\/info\/crema-de-brocoli\/#primaryimage\"},\"thumbnailUrl\":\"https:\/\/www.lamagdalenadeproust.com\/info\/wp-content\/uploads\/2014\/11\/url1.jpg\",\"datePublished\":\"2014-11-12T12:39:26+00:00\",\"dateModified\":\"2014-11-12T12:39:26+00:00\",\"breadcrumb\":{\"@id\":\"https:\/\/www.lamagdalenadeproust.com\/info\/crema-de-brocoli\/#breadcrumb\"},\"inLanguage\":\"es\",\"potentialAction\":[{\"@type\":\"ReadAction\",\"target\":[\"https:\/\/www.lamagdalenadeproust.com\/info\/crema-de-brocoli\/\"]}]},{\"@type\":\"ImageObject\",\"inLanguage\":\"es\",\"@id\":\"https:\/\/www.lamagdalenadeproust.com\/info\/crema-de-brocoli\/#primaryimage\",\"url\":\"https:\/\/www.lamagdalenadeproust.com\/info\/wp-content\/uploads\/2014\/11\/url1.jpg\",\"contentUrl\":\"https:\/\/www.lamagdalenadeproust.com\/info\/wp-content\/uploads\/2014\/11\/url1.jpg\",\"width\":610,\"height\":610,\"caption\":\"url1.jpg\"},{\"@type\":\"BreadcrumbList\",\"@id\":\"https:\/\/www.lamagdalenadeproust.com\/info\/crema-de-brocoli\/#breadcrumb\",\"itemListElement\":[{\"@type\":\"ListItem\",\"position\":1,\"name\":\"Home\",\"item\":\"https:\/\/www.lamagdalenadeproust.com\/info\/\"},{\"@type\":\"ListItem\",\"position\":2,\"name\":\"Crema de br\u00f3coli\"}]},{\"@type\":\"WebSite\",\"@id\":\"https:\/\/www.lamagdalenadeproust.com\/info\/#website\",\"url\":\"https:\/\/www.lamagdalenadeproust.com\/info\/\",\"name\":\"Obrador de Pan Artesano\",\"description\":\"Obrador de pan artesanos en Madrid\",\"publisher\":{\"@id\":\"https:\/\/www.lamagdalenadeproust.com\/info\/#organization\"},\"potentialAction\":[{\"@type\":\"SearchAction\",\"target\":{\"@type\":\"EntryPoint\",\"urlTemplate\":\"https:\/\/www.lamagdalenadeproust.com\/info\/?s={search_term_string}\"},\"query-input\":{\"@type\":\"PropertyValueSpecification\",\"valueRequired\":true,\"valueName\":\"search_term_string\"}}],\"inLanguage\":\"es\"},{\"@type\":\"Organization\",\"@id\":\"https:\/\/www.lamagdalenadeproust.com\/info\/#organization\",\"name\":\"La Magdalena de Proust\",\"url\":\"https:\/\/www.lamagdalenadeproust.com\/info\/\",\"logo\":{\"@type\":\"ImageObject\",\"inLanguage\":\"es\",\"@id\":\"https:\/\/www.lamagdalenadeproust.com\/info\/#\/schema\/logo\/image\/\",\"url\":\"https:\/\/www.lamagdalenadeproust.com\/info\/wp-content\/uploads\/2016\/11\/Magadalena-Proust-Logo.png\",\"contentUrl\":\"https:\/\/www.lamagdalenadeproust.com\/info\/wp-content\/uploads\/2016\/11\/Magadalena-Proust-Logo.png\",\"width\":144,\"height\":105,\"caption\":\"La Magdalena de Proust\"},\"image\":{\"@id\":\"https:\/\/www.lamagdalenadeproust.com\/info\/#\/schema\/logo\/image\/\"}},{\"@type\":\"Person\",\"@id\":\"https:\/\/www.lamagdalenadeproust.com\/info\/#\/schema\/person\/9ba446e5762ca8c4cf461e032fde3623\",\"name\":\"Ruben\",\"url\":\"https:\/\/www.lamagdalenadeproust.com\/info\/author\/vromoran\/\"}]}<\/script>\n<!-- \/ Yoast SEO plugin. -->","yoast_head_json":{"title":"Crema de br\u00f3coli - Obrador de Pan Artesano","robots":{"index":"index","follow":"follow","max-snippet":"max-snippet:-1","max-image-preview":"max-image-preview:large","max-video-preview":"max-video-preview:-1"},"canonical":"https:\/\/www.lamagdalenadeproust.com\/info\/crema-de-brocoli\/","og_locale":"es_ES","og_type":"article","og_title":"Crema de br\u00f3coli - Obrador de Pan Artesano","og_description":"Con la llegada del frio comienzan a apetecer esos platos calientes de cuchara que tan olvidados dejamos en verano. Siguiendo con nuestros platos sencillos y saludables hoy vamos a preparar una crema de br\u00f3coli. \u00a0Para su elaboraci\u00f3n necesitamos: &#8211; 500 g. de Br\u00f3coli &#8211; 2 Zanahorias &#8211; 1 Cebolla &#8211; 1 diente de Ajo &#8211;","og_url":"https:\/\/www.lamagdalenadeproust.com\/info\/crema-de-brocoli\/","og_site_name":"Obrador de Pan Artesano","article_published_time":"2014-11-12T12:39:26+00:00","og_image":[{"width":610,"height":610,"url":"https:\/\/www.lamagdalenadeproust.com\/info\/wp-content\/uploads\/2014\/11\/url1.jpg","type":"image\/jpeg"}],"author":"Ruben","twitter_misc":{"Escrito por":"Ruben","Tiempo de lectura":"1 minuto"},"schema":{"@context":"https:\/\/schema.org","@graph":[{"@type":"Article","@id":"https:\/\/www.lamagdalenadeproust.com\/info\/crema-de-brocoli\/#article","isPartOf":{"@id":"https:\/\/www.lamagdalenadeproust.com\/info\/crema-de-brocoli\/"},"author":{"name":"Ruben","@id":"https:\/\/www.lamagdalenadeproust.com\/info\/#\/schema\/person\/9ba446e5762ca8c4cf461e032fde3623"},"headline":"Crema de br\u00f3coli","datePublished":"2014-11-12T12:39:26+00:00","dateModified":"2014-11-12T12:39:26+00:00","mainEntityOfPage":{"@id":"https:\/\/www.lamagdalenadeproust.com\/info\/crema-de-brocoli\/"},"wordCount":185,"commentCount":0,"publisher":{"@id":"https:\/\/www.lamagdalenadeproust.com\/info\/#organization"},"image":{"@id":"https:\/\/www.lamagdalenadeproust.com\/info\/crema-de-brocoli\/#primaryimage"},"thumbnailUrl":"https:\/\/www.lamagdalenadeproust.com\/info\/wp-content\/uploads\/2014\/11\/url1.jpg","articleSection":["Recetas"],"inLanguage":"es","potentialAction":[{"@type":"CommentAction","name":"Comment","target":["https:\/\/www.lamagdalenadeproust.com\/info\/crema-de-brocoli\/#respond"]}]},{"@type":"WebPage","@id":"https:\/\/www.lamagdalenadeproust.com\/info\/crema-de-brocoli\/","url":"https:\/\/www.lamagdalenadeproust.com\/info\/crema-de-brocoli\/","name":"Crema de br\u00f3coli - Obrador de Pan Artesano","isPartOf":{"@id":"https:\/\/www.lamagdalenadeproust.com\/info\/#website"},"primaryImageOfPage":{"@id":"https:\/\/www.lamagdalenadeproust.com\/info\/crema-de-brocoli\/#primaryimage"},"image":{"@id":"https:\/\/www.lamagdalenadeproust.com\/info\/crema-de-brocoli\/#primaryimage"},"thumbnailUrl":"https:\/\/www.lamagdalenadeproust.com\/info\/wp-content\/uploads\/2014\/11\/url1.jpg","datePublished":"2014-11-12T12:39:26+00:00","dateModified":"2014-11-12T12:39:26+00:00","breadcrumb":{"@id":"https:\/\/www.lamagdalenadeproust.com\/info\/crema-de-brocoli\/#breadcrumb"},"inLanguage":"es","potentialAction":[{"@type":"ReadAction","target":["https:\/\/www.lamagdalenadeproust.com\/info\/crema-de-brocoli\/"]}]},{"@type":"ImageObject","inLanguage":"es","@id":"https:\/\/www.lamagdalenadeproust.com\/info\/crema-de-brocoli\/#primaryimage","url":"https:\/\/www.lamagdalenadeproust.com\/info\/wp-content\/uploads\/2014\/11\/url1.jpg","contentUrl":"https:\/\/www.lamagdalenadeproust.com\/info\/wp-content\/uploads\/2014\/11\/url1.jpg","width":610,"height":610,"caption":"url1.jpg"},{"@type":"BreadcrumbList","@id":"https:\/\/www.lamagdalenadeproust.com\/info\/crema-de-brocoli\/#breadcrumb","itemListElement":[{"@type":"ListItem","position":1,"name":"Home","item":"https:\/\/www.lamagdalenadeproust.com\/info\/"},{"@type":"ListItem","position":2,"name":"Crema de br\u00f3coli"}]},{"@type":"WebSite","@id":"https:\/\/www.lamagdalenadeproust.com\/info\/#website","url":"https:\/\/www.lamagdalenadeproust.com\/info\/","name":"Obrador de Pan Artesano","description":"Obrador de pan artesanos en Madrid","publisher":{"@id":"https:\/\/www.lamagdalenadeproust.com\/info\/#organization"},"potentialAction":[{"@type":"SearchAction","target":{"@type":"EntryPoint","urlTemplate":"https:\/\/www.lamagdalenadeproust.com\/info\/?s={search_term_string}"},"query-input":{"@type":"PropertyValueSpecification","valueRequired":true,"valueName":"search_term_string"}}],"inLanguage":"es"},{"@type":"Organization","@id":"https:\/\/www.lamagdalenadeproust.com\/info\/#organization","name":"La Magdalena de Proust","url":"https:\/\/www.lamagdalenadeproust.com\/info\/","logo":{"@type":"ImageObject","inLanguage":"es","@id":"https:\/\/www.lamagdalenadeproust.com\/info\/#\/schema\/logo\/image\/","url":"https:\/\/www.lamagdalenadeproust.com\/info\/wp-content\/uploads\/2016\/11\/Magadalena-Proust-Logo.png","contentUrl":"https:\/\/www.lamagdalenadeproust.com\/info\/wp-content\/uploads\/2016\/11\/Magadalena-Proust-Logo.png","width":144,"height":105,"caption":"La Magdalena de Proust"},"image":{"@id":"https:\/\/www.lamagdalenadeproust.com\/info\/#\/schema\/logo\/image\/"}},{"@type":"Person","@id":"https:\/\/www.lamagdalenadeproust.com\/info\/#\/schema\/person\/9ba446e5762ca8c4cf461e032fde3623","name":"Ruben","url":"https:\/\/www.lamagdalenadeproust.com\/info\/author\/vromoran\/"}]}},"_links":{"self":[{"href":"https:\/\/www.lamagdalenadeproust.com\/info\/wp-json\/wp\/v2\/posts\/604","targetHints":{"allow":["GET"]}}],"collection":[{"href":"https:\/\/www.lamagdalenadeproust.com\/info\/wp-json\/wp\/v2\/posts"}],"about":[{"href":"https:\/\/www.lamagdalenadeproust.com\/info\/wp-json\/wp\/v2\/types\/post"}],"author":[{"embeddable":true,"href":"https:\/\/www.lamagdalenadeproust.com\/info\/wp-json\/wp\/v2\/users\/500"}],"replies":[{"embeddable":true,"href":"https:\/\/www.lamagdalenadeproust.com\/info\/wp-json\/wp\/v2\/comments?post=604"}],"version-history":[{"count":0,"href":"https:\/\/www.lamagdalenadeproust.com\/info\/wp-json\/wp\/v2\/posts\/604\/revisions"}],"wp:featuredmedia":[{"embeddable":true,"href":"https:\/\/www.lamagdalenadeproust.com\/info\/wp-json\/wp\/v2\/media\/6634"}],"wp:attachment":[{"href":"https:\/\/www.lamagdalenadeproust.com\/info\/wp-json\/wp\/v2\/media?parent=604"}],"wp:term":[{"taxonomy":"category","embeddable":true,"href":"https:\/\/www.lamagdalenadeproust.com\/info\/wp-json\/wp\/v2\/categories?post=604"},{"taxonomy":"post_tag","embeddable":true,"href":"https:\/\/www.lamagdalenadeproust.com\/info\/wp-json\/wp\/v2\/tags?post=604"}],"curies":[{"name":"wp","href":"https:\/\/api.w.org\/{rel}","templated":true}]}}