{"id":2845,"date":"2014-06-20T13:40:14","date_gmt":"2014-06-20T11:40:14","guid":{"rendered":"http:\/\/www.lamagdalenadeproust.com\/escuela-cocina-madrid\/?p=2845"},"modified":"2016-12-07T09:50:21","modified_gmt":"2016-12-07T08:50:21","slug":"cristina-brondo-macrobiotica-vegetariana","status":"publish","type":"post","link":"https:\/\/www.lamagdalenadeproust.com\/info\/cristina-brondo-macrobiotica-vegetariana\/","title":{"rendered":"Cristina Brondo nos prepara un nishime de verduras y seit\u00e1n"},"content":{"rendered":"<p><a href=\"http:\/\/www.lamagdalenadeproust.com\/escuela-cocina-madrid\/wp-content\/uploads\/2014\/06\/brondo.jpg\"><img loading=\"lazy\" decoding=\"async\" class=\"alignnone size-full wp-image-2846\" alt=\"cristina brondo macrobiotica receta\" src=\"http:\/\/www.lamagdalenadeproust.com\/escuela-cocina-madrid\/wp-content\/uploads\/2014\/06\/brondo.jpg\" width=\"656\" height=\"398\" srcset=\"https:\/\/www.lamagdalenadeproust.com\/info\/wp-content\/uploads\/2014\/06\/brondo.jpg 656w, https:\/\/www.lamagdalenadeproust.com\/info\/wp-content\/uploads\/2014\/06\/brondo-300x182.jpg 300w\" sizes=\"auto, (max-width: 656px) 100vw, 656px\" \/><\/a><\/p>\n<p>Hace unos d\u00edas nos visit\u00f3 Cristina Brondo en la Magdalena de Proust y nos cocin\u00f3 un plato de cocina macrobi\u00f3tica de la cual es fiel seguidora desde hace a\u00f1os. Aqu\u00ed os dejamos el <a href=\"http:\/\/www.elmundo.es\/loc\/2014\/06\/13\/5399bba222601d27388b4589.html\">v\u00eddeo de la receta macrobi\u00f3tica<\/a><\/p>\n<p>Cristina interpreta a la estilista Vero en la serie B&amp;B y pr\u00f3ximamente actuar\u00e1 en TVE en un biopic sobre la Reina Sof\u00eda. \u00a0Hace ocho a\u00f1os, cuando decidi\u00f3 apuntarse a la macrobi\u00f3tica, acudi\u00f3 a un nutricionista que le ense\u00f1\u00f3 a consumir todos los nutrientes necesarios para llevar una vida sana sin consumir carne, porque adem\u00e1s\u00a0Cristina Brondo\u00a0tambi\u00e9n es vegetariana.<\/p>\n<p>Este estofado, nishime, lleva como ingredientes principales verduras ecol\u00f3gicas de temporada y seit\u00e1n como guarnici\u00f3n la quinoa un cereal que se cultiva en Per\u00fa y Bolivia y que hoy se considera como un \u201csuperfood\u201d.<\/p>\n<p>Todo lo que ingerimos nos afecta tanto a nivel f\u00edsico como espiritual. Somos lo que comemos y cuando comes alimentos demasiado Ying o demasiado Yang hay que compensarlos para no dispersarte, nos comenta Cristina.<\/p>\n","protected":false},"excerpt":{"rendered":"<p>Hace unos d\u00edas nos visit\u00f3 Cristina Brondo en la Magdalena de Proust y nos cocin\u00f3 un plato de cocina macrobi\u00f3tica de la cual es fiel seguidora desde hace a\u00f1os. Aqu\u00ed os dejamos el v\u00eddeo de la receta macrobi\u00f3tica Cristina interpreta a la estilista Vero en la serie B&amp;B y pr\u00f3ximamente actuar\u00e1 en TVE en un<\/p>\n","protected":false},"author":1,"featured_media":2846,"comment_status":"closed","ping_status":"open","sticky":false,"template":"","format":"video","meta":{"footnotes":""},"categories":[114,73,81],"tags":[],"class_list":["post-2845","post","type-post","status-publish","format-video","has-post-thumbnail","hentry","category-alimentacion-ecologica","category-cocina-ecologica","category-cocina-vegetariana","post_format-post-format-video"],"yoast_head":"<!-- This site is optimized with the Yoast SEO plugin v23.6 - https:\/\/yoast.com\/wordpress\/plugins\/seo\/ -->\n<title>Crsitina Brondo en La Magdalena de Proust<\/title>\n<meta name=\"description\" content=\"Hace unos d\u00edas nos visit\u00f3 Cristina Brondo en la Magdalena de Proust y nos cocin\u00f3 un plato de cocina macrobi\u00f3tica de la cual es fiel seguidora desde hace a\u00f1os.\" \/>\n<meta name=\"robots\" content=\"index, follow, max-snippet:-1, max-image-preview:large, max-video-preview:-1\" \/>\n<link rel=\"canonical\" href=\"https:\/\/www.lamagdalenadeproust.com\/info\/cristina-brondo-macrobiotica-vegetariana\/\" \/>\n<meta property=\"og:locale\" content=\"es_ES\" \/>\n<meta property=\"og:type\" content=\"article\" \/>\n<meta property=\"og:title\" content=\"Crsitina Brondo en La Magdalena de Proust\" \/>\n<meta property=\"og:description\" content=\"Hace unos d\u00edas nos visit\u00f3 Cristina Brondo en la Magdalena de Proust y nos cocin\u00f3 un plato de cocina macrobi\u00f3tica de la cual es fiel seguidora desde hace a\u00f1os.\" \/>\n<meta property=\"og:url\" content=\"https:\/\/www.lamagdalenadeproust.com\/info\/cristina-brondo-macrobiotica-vegetariana\/\" \/>\n<meta property=\"og:site_name\" content=\"Obrador de Pan Artesano\" \/>\n<meta property=\"article:published_time\" content=\"2014-06-20T11:40:14+00:00\" \/>\n<meta property=\"article:modified_time\" content=\"2016-12-07T08:50:21+00:00\" \/>\n<meta property=\"og:image\" content=\"https:\/\/www.lamagdalenadeproust.com\/info\/wp-content\/uploads\/2014\/06\/brondo.jpg\" \/>\n\t<meta property=\"og:image:width\" content=\"656\" \/>\n\t<meta property=\"og:image:height\" content=\"398\" \/>\n\t<meta property=\"og:image:type\" content=\"image\/jpeg\" \/>\n<meta name=\"author\" content=\"La Magdalena de Proust\" \/>\n<meta name=\"twitter:label1\" content=\"Escrito por\" \/>\n\t<meta name=\"twitter:data1\" content=\"La Magdalena de Proust\" \/>\n\t<meta name=\"twitter:label2\" content=\"Tiempo de lectura\" \/>\n\t<meta name=\"twitter:data2\" content=\"1 minuto\" \/>\n<script type=\"application\/ld+json\" class=\"yoast-schema-graph\">{\"@context\":\"https:\/\/schema.org\",\"@graph\":[{\"@type\":\"Article\",\"@id\":\"https:\/\/www.lamagdalenadeproust.com\/info\/cristina-brondo-macrobiotica-vegetariana\/#article\",\"isPartOf\":{\"@id\":\"https:\/\/www.lamagdalenadeproust.com\/info\/cristina-brondo-macrobiotica-vegetariana\/\"},\"author\":{\"name\":\"La Magdalena de Proust\",\"@id\":\"https:\/\/www.lamagdalenadeproust.com\/info\/#\/schema\/person\/3903d0399b79125fde56924fa81b0db0\"},\"headline\":\"Cristina Brondo nos prepara un nishime de verduras y seit\u00e1n\",\"datePublished\":\"2014-06-20T11:40:14+00:00\",\"dateModified\":\"2016-12-07T08:50:21+00:00\",\"mainEntityOfPage\":{\"@id\":\"https:\/\/www.lamagdalenadeproust.com\/info\/cristina-brondo-macrobiotica-vegetariana\/\"},\"wordCount\":193,\"publisher\":{\"@id\":\"https:\/\/www.lamagdalenadeproust.com\/info\/#organization\"},\"image\":{\"@id\":\"https:\/\/www.lamagdalenadeproust.com\/info\/cristina-brondo-macrobiotica-vegetariana\/#primaryimage\"},\"thumbnailUrl\":\"https:\/\/www.lamagdalenadeproust.com\/info\/wp-content\/uploads\/2014\/06\/brondo.jpg\",\"articleSection\":[\"Alimentaci\u00f3n ec\u00f3logica\",\"Cocina ecol\u00f3gica\",\"Cocina vegetariana\"],\"inLanguage\":\"es\"},{\"@type\":\"WebPage\",\"@id\":\"https:\/\/www.lamagdalenadeproust.com\/info\/cristina-brondo-macrobiotica-vegetariana\/\",\"url\":\"https:\/\/www.lamagdalenadeproust.com\/info\/cristina-brondo-macrobiotica-vegetariana\/\",\"name\":\"Crsitina Brondo en La Magdalena de Proust\",\"isPartOf\":{\"@id\":\"https:\/\/www.lamagdalenadeproust.com\/info\/#website\"},\"primaryImageOfPage\":{\"@id\":\"https:\/\/www.lamagdalenadeproust.com\/info\/cristina-brondo-macrobiotica-vegetariana\/#primaryimage\"},\"image\":{\"@id\":\"https:\/\/www.lamagdalenadeproust.com\/info\/cristina-brondo-macrobiotica-vegetariana\/#primaryimage\"},\"thumbnailUrl\":\"https:\/\/www.lamagdalenadeproust.com\/info\/wp-content\/uploads\/2014\/06\/brondo.jpg\",\"datePublished\":\"2014-06-20T11:40:14+00:00\",\"dateModified\":\"2016-12-07T08:50:21+00:00\",\"description\":\"Hace unos d\u00edas nos visit\u00f3 Cristina Brondo en la Magdalena de Proust y nos cocin\u00f3 un plato de cocina macrobi\u00f3tica de la cual es fiel seguidora desde hace a\u00f1os.\",\"breadcrumb\":{\"@id\":\"https:\/\/www.lamagdalenadeproust.com\/info\/cristina-brondo-macrobiotica-vegetariana\/#breadcrumb\"},\"inLanguage\":\"es\",\"potentialAction\":[{\"@type\":\"ReadAction\",\"target\":[\"https:\/\/www.lamagdalenadeproust.com\/info\/cristina-brondo-macrobiotica-vegetariana\/\"]}]},{\"@type\":\"ImageObject\",\"inLanguage\":\"es\",\"@id\":\"https:\/\/www.lamagdalenadeproust.com\/info\/cristina-brondo-macrobiotica-vegetariana\/#primaryimage\",\"url\":\"https:\/\/www.lamagdalenadeproust.com\/info\/wp-content\/uploads\/2014\/06\/brondo.jpg\",\"contentUrl\":\"https:\/\/www.lamagdalenadeproust.com\/info\/wp-content\/uploads\/2014\/06\/brondo.jpg\",\"width\":656,\"height\":398,\"caption\":\"cristina brondo macrobiotica receta\"},{\"@type\":\"BreadcrumbList\",\"@id\":\"https:\/\/www.lamagdalenadeproust.com\/info\/cristina-brondo-macrobiotica-vegetariana\/#breadcrumb\",\"itemListElement\":[{\"@type\":\"ListItem\",\"position\":1,\"name\":\"Home\",\"item\":\"https:\/\/www.lamagdalenadeproust.com\/info\/\"},{\"@type\":\"ListItem\",\"position\":2,\"name\":\"Cristina Brondo nos prepara un nishime de verduras y seit\u00e1n\"}]},{\"@type\":\"WebSite\",\"@id\":\"https:\/\/www.lamagdalenadeproust.com\/info\/#website\",\"url\":\"https:\/\/www.lamagdalenadeproust.com\/info\/\",\"name\":\"Obrador de Pan Artesano\",\"description\":\"Obrador de pan artesanos en Madrid\",\"publisher\":{\"@id\":\"https:\/\/www.lamagdalenadeproust.com\/info\/#organization\"},\"potentialAction\":[{\"@type\":\"SearchAction\",\"target\":{\"@type\":\"EntryPoint\",\"urlTemplate\":\"https:\/\/www.lamagdalenadeproust.com\/info\/?s={search_term_string}\"},\"query-input\":{\"@type\":\"PropertyValueSpecification\",\"valueRequired\":true,\"valueName\":\"search_term_string\"}}],\"inLanguage\":\"es\"},{\"@type\":\"Organization\",\"@id\":\"https:\/\/www.lamagdalenadeproust.com\/info\/#organization\",\"name\":\"La Magdalena de Proust\",\"url\":\"https:\/\/www.lamagdalenadeproust.com\/info\/\",\"logo\":{\"@type\":\"ImageObject\",\"inLanguage\":\"es\",\"@id\":\"https:\/\/www.lamagdalenadeproust.com\/info\/#\/schema\/logo\/image\/\",\"url\":\"https:\/\/www.lamagdalenadeproust.com\/info\/wp-content\/uploads\/2016\/11\/Magadalena-Proust-Logo.png\",\"contentUrl\":\"https:\/\/www.lamagdalenadeproust.com\/info\/wp-content\/uploads\/2016\/11\/Magadalena-Proust-Logo.png\",\"width\":144,\"height\":105,\"caption\":\"La Magdalena de Proust\"},\"image\":{\"@id\":\"https:\/\/www.lamagdalenadeproust.com\/info\/#\/schema\/logo\/image\/\"}},{\"@type\":\"Person\",\"@id\":\"https:\/\/www.lamagdalenadeproust.com\/info\/#\/schema\/person\/3903d0399b79125fde56924fa81b0db0\",\"name\":\"La Magdalena de Proust\",\"url\":\"https:\/\/www.lamagdalenadeproust.com\/info\/author\/eduarroyo05\/\"}]}<\/script>\n<!-- \/ Yoast SEO plugin. -->","yoast_head_json":{"title":"Crsitina Brondo en La Magdalena de Proust","description":"Hace unos d\u00edas nos visit\u00f3 Cristina Brondo en la Magdalena de Proust y nos cocin\u00f3 un plato de cocina macrobi\u00f3tica de la cual es fiel seguidora desde hace a\u00f1os.","robots":{"index":"index","follow":"follow","max-snippet":"max-snippet:-1","max-image-preview":"max-image-preview:large","max-video-preview":"max-video-preview:-1"},"canonical":"https:\/\/www.lamagdalenadeproust.com\/info\/cristina-brondo-macrobiotica-vegetariana\/","og_locale":"es_ES","og_type":"article","og_title":"Crsitina Brondo en La Magdalena de Proust","og_description":"Hace unos d\u00edas nos visit\u00f3 Cristina Brondo en la Magdalena de Proust y nos cocin\u00f3 un plato de cocina macrobi\u00f3tica de la cual es fiel seguidora desde hace a\u00f1os.","og_url":"https:\/\/www.lamagdalenadeproust.com\/info\/cristina-brondo-macrobiotica-vegetariana\/","og_site_name":"Obrador de Pan Artesano","article_published_time":"2014-06-20T11:40:14+00:00","article_modified_time":"2016-12-07T08:50:21+00:00","og_image":[{"width":656,"height":398,"url":"https:\/\/www.lamagdalenadeproust.com\/info\/wp-content\/uploads\/2014\/06\/brondo.jpg","type":"image\/jpeg"}],"author":"La Magdalena de Proust","twitter_misc":{"Escrito por":"La Magdalena de Proust","Tiempo de lectura":"1 minuto"},"schema":{"@context":"https:\/\/schema.org","@graph":[{"@type":"Article","@id":"https:\/\/www.lamagdalenadeproust.com\/info\/cristina-brondo-macrobiotica-vegetariana\/#article","isPartOf":{"@id":"https:\/\/www.lamagdalenadeproust.com\/info\/cristina-brondo-macrobiotica-vegetariana\/"},"author":{"name":"La Magdalena de Proust","@id":"https:\/\/www.lamagdalenadeproust.com\/info\/#\/schema\/person\/3903d0399b79125fde56924fa81b0db0"},"headline":"Cristina Brondo nos prepara un nishime de verduras y seit\u00e1n","datePublished":"2014-06-20T11:40:14+00:00","dateModified":"2016-12-07T08:50:21+00:00","mainEntityOfPage":{"@id":"https:\/\/www.lamagdalenadeproust.com\/info\/cristina-brondo-macrobiotica-vegetariana\/"},"wordCount":193,"publisher":{"@id":"https:\/\/www.lamagdalenadeproust.com\/info\/#organization"},"image":{"@id":"https:\/\/www.lamagdalenadeproust.com\/info\/cristina-brondo-macrobiotica-vegetariana\/#primaryimage"},"thumbnailUrl":"https:\/\/www.lamagdalenadeproust.com\/info\/wp-content\/uploads\/2014\/06\/brondo.jpg","articleSection":["Alimentaci\u00f3n ec\u00f3logica","Cocina ecol\u00f3gica","Cocina vegetariana"],"inLanguage":"es"},{"@type":"WebPage","@id":"https:\/\/www.lamagdalenadeproust.com\/info\/cristina-brondo-macrobiotica-vegetariana\/","url":"https:\/\/www.lamagdalenadeproust.com\/info\/cristina-brondo-macrobiotica-vegetariana\/","name":"Crsitina Brondo en La Magdalena de Proust","isPartOf":{"@id":"https:\/\/www.lamagdalenadeproust.com\/info\/#website"},"primaryImageOfPage":{"@id":"https:\/\/www.lamagdalenadeproust.com\/info\/cristina-brondo-macrobiotica-vegetariana\/#primaryimage"},"image":{"@id":"https:\/\/www.lamagdalenadeproust.com\/info\/cristina-brondo-macrobiotica-vegetariana\/#primaryimage"},"thumbnailUrl":"https:\/\/www.lamagdalenadeproust.com\/info\/wp-content\/uploads\/2014\/06\/brondo.jpg","datePublished":"2014-06-20T11:40:14+00:00","dateModified":"2016-12-07T08:50:21+00:00","description":"Hace unos d\u00edas nos visit\u00f3 Cristina Brondo en la Magdalena de Proust y nos cocin\u00f3 un plato de cocina macrobi\u00f3tica de la cual es fiel seguidora desde hace a\u00f1os.","breadcrumb":{"@id":"https:\/\/www.lamagdalenadeproust.com\/info\/cristina-brondo-macrobiotica-vegetariana\/#breadcrumb"},"inLanguage":"es","potentialAction":[{"@type":"ReadAction","target":["https:\/\/www.lamagdalenadeproust.com\/info\/cristina-brondo-macrobiotica-vegetariana\/"]}]},{"@type":"ImageObject","inLanguage":"es","@id":"https:\/\/www.lamagdalenadeproust.com\/info\/cristina-brondo-macrobiotica-vegetariana\/#primaryimage","url":"https:\/\/www.lamagdalenadeproust.com\/info\/wp-content\/uploads\/2014\/06\/brondo.jpg","contentUrl":"https:\/\/www.lamagdalenadeproust.com\/info\/wp-content\/uploads\/2014\/06\/brondo.jpg","width":656,"height":398,"caption":"cristina brondo macrobiotica receta"},{"@type":"BreadcrumbList","@id":"https:\/\/www.lamagdalenadeproust.com\/info\/cristina-brondo-macrobiotica-vegetariana\/#breadcrumb","itemListElement":[{"@type":"ListItem","position":1,"name":"Home","item":"https:\/\/www.lamagdalenadeproust.com\/info\/"},{"@type":"ListItem","position":2,"name":"Cristina Brondo nos prepara un nishime de verduras y seit\u00e1n"}]},{"@type":"WebSite","@id":"https:\/\/www.lamagdalenadeproust.com\/info\/#website","url":"https:\/\/www.lamagdalenadeproust.com\/info\/","name":"Obrador de Pan Artesano","description":"Obrador de pan artesanos en Madrid","publisher":{"@id":"https:\/\/www.lamagdalenadeproust.com\/info\/#organization"},"potentialAction":[{"@type":"SearchAction","target":{"@type":"EntryPoint","urlTemplate":"https:\/\/www.lamagdalenadeproust.com\/info\/?s={search_term_string}"},"query-input":{"@type":"PropertyValueSpecification","valueRequired":true,"valueName":"search_term_string"}}],"inLanguage":"es"},{"@type":"Organization","@id":"https:\/\/www.lamagdalenadeproust.com\/info\/#organization","name":"La Magdalena de Proust","url":"https:\/\/www.lamagdalenadeproust.com\/info\/","logo":{"@type":"ImageObject","inLanguage":"es","@id":"https:\/\/www.lamagdalenadeproust.com\/info\/#\/schema\/logo\/image\/","url":"https:\/\/www.lamagdalenadeproust.com\/info\/wp-content\/uploads\/2016\/11\/Magadalena-Proust-Logo.png","contentUrl":"https:\/\/www.lamagdalenadeproust.com\/info\/wp-content\/uploads\/2016\/11\/Magadalena-Proust-Logo.png","width":144,"height":105,"caption":"La Magdalena de Proust"},"image":{"@id":"https:\/\/www.lamagdalenadeproust.com\/info\/#\/schema\/logo\/image\/"}},{"@type":"Person","@id":"https:\/\/www.lamagdalenadeproust.com\/info\/#\/schema\/person\/3903d0399b79125fde56924fa81b0db0","name":"La Magdalena de Proust","url":"https:\/\/www.lamagdalenadeproust.com\/info\/author\/eduarroyo05\/"}]}},"_links":{"self":[{"href":"https:\/\/www.lamagdalenadeproust.com\/info\/wp-json\/wp\/v2\/posts\/2845","targetHints":{"allow":["GET"]}}],"collection":[{"href":"https:\/\/www.lamagdalenadeproust.com\/info\/wp-json\/wp\/v2\/posts"}],"about":[{"href":"https:\/\/www.lamagdalenadeproust.com\/info\/wp-json\/wp\/v2\/types\/post"}],"author":[{"embeddable":true,"href":"https:\/\/www.lamagdalenadeproust.com\/info\/wp-json\/wp\/v2\/users\/1"}],"replies":[{"embeddable":true,"href":"https:\/\/www.lamagdalenadeproust.com\/info\/wp-json\/wp\/v2\/comments?post=2845"}],"version-history":[{"count":1,"href":"https:\/\/www.lamagdalenadeproust.com\/info\/wp-json\/wp\/v2\/posts\/2845\/revisions"}],"predecessor-version":[{"id":2847,"href":"https:\/\/www.lamagdalenadeproust.com\/info\/wp-json\/wp\/v2\/posts\/2845\/revisions\/2847"}],"wp:featuredmedia":[{"embeddable":true,"href":"https:\/\/www.lamagdalenadeproust.com\/info\/wp-json\/wp\/v2\/media\/2846"}],"wp:attachment":[{"href":"https:\/\/www.lamagdalenadeproust.com\/info\/wp-json\/wp\/v2\/media?parent=2845"}],"wp:term":[{"taxonomy":"category","embeddable":true,"href":"https:\/\/www.lamagdalenadeproust.com\/info\/wp-json\/wp\/v2\/categories?post=2845"},{"taxonomy":"post_tag","embeddable":true,"href":"https:\/\/www.lamagdalenadeproust.com\/info\/wp-json\/wp\/v2\/tags?post=2845"}],"curies":[{"name":"wp","href":"https:\/\/api.w.org\/{rel}","templated":true}]}}