{"id":1602,"date":"2013-12-05T07:50:35","date_gmt":"2013-12-05T06:50:35","guid":{"rendered":"http:\/\/www.lamagdalenadeproust.com\/escuela-cocina-madrid\/?p=1602"},"modified":"2013-12-05T10:25:16","modified_gmt":"2013-12-05T09:25:16","slug":"el-roscon-de-reyes-ecologico","status":"publish","type":"post","link":"https:\/\/www.lamagdalenadeproust.com\/info\/el-roscon-de-reyes-ecologico\/","title":{"rendered":"\u00bfEl rosc\u00f3n de Reyes? Ecol\u00f3gico"},"content":{"rendered":"<div id=\"attachment_16038243\" style=\"width: 2410px\" class=\"wp-caption \u00bbaligncenter\u00bb  wp-image-1603\"><a href=\"http:\/\/www.lamagdalenadeproust.com\/escuela-cocina-madrid\/wp-content\/uploads\/2013\/12\/roscon2.jpg\"><img loading=\"lazy\" decoding=\"async\" aria-describedby=\"caption-attachment-16038243\" class=\"size-large wp-image-1605\" alt=\"Ya puedes reservar tu y comprar tu rosc\u00f3n de Reyes ecol\u00f3gico en La Magdalena de Proust\" src=\"http:\/\/www.lamagdalenadeproust.com\/escuela-cocina-madrid\/wp-content\/uploads\/2013\/12\/roscon2-1024x363.jpg\" width=\"1024\" height=\"363\" srcset=\"https:\/\/www.lamagdalenadeproust.com\/info\/wp-content\/uploads\/2013\/12\/roscon2-1024x363.jpg 1024w, https:\/\/www.lamagdalenadeproust.com\/info\/wp-content\/uploads\/2013\/12\/roscon2-300x106.jpg 300w\" sizes=\"auto, (max-width: 1024px) 100vw, 1024px\" \/><\/a><p id=\"caption-attachment-16038243\" class=\"wp-caption-text\">Ya puedes reservar tu y comprar tu rosc\u00f3n de Reyes ecol\u00f3gico en La Magdalena de Proust.<\/p><\/div>\n<p><b>Un proceso artesanal<\/b><\/p>\n<p>La Magdalena de Proust es un <strong>espacio gastron\u00f3mico especializado en cocina natural y vegetariana<\/strong>, que incluye obrador, eco tienda, comida a domicilio y una escuela de cocina que ense\u00f1a los secretos de la alimentaci\u00f3n vegetariana aplicada a las necesidades y gustos actuales. Del horno de su obrador, cada d\u00eda salen delicias en panader\u00eda y boller\u00eda ecol\u00f3gica que van desde los bizcochos, las tartas y las magdalenas a las cookies o las rega\u00f1\u00e1s, pasando por supuesto por un amplio surtido de pan (espelta, kamut, centeno, integral\u2026). Todos ellos elaborados s\u00f3lo con ingredientes naturales. <\/p>\n<p>Para estas Navidades, su carta de panader\u00eda y boller\u00eda ecol\u00f3gica crece con <strong>el rosc\u00f3n de Reyes ecol\u00f3gico<\/strong>. Un capricho \u00fanico, por tratarse de una especialidad muy dif\u00edcil de encontrar en Madrid y, adem\u00e1s, todo un capricho para amantes de la reposter\u00eda tradicional artesana y el sabor de la panader\u00eda de toda la vida. Elaborado con masa madre y sometido a fermentaciones muy largas, s\u00f3lo incorpora ingredientes cien por cien ecol\u00f3gicos y certificados, libres de qu\u00edmicos y agrot\u00f3xicos. La calidad de sus productos, todos ellos bio (la harina, la leche, los huevos, la mantequilla, la nata y las frutas son ecol\u00f3gicas) y su elaboraci\u00f3n cien por cien artesanal, con un amasado lento, como el de las panader\u00edas de anta\u00f1o, permiten un resultado excepcional. Con sabor a rosc\u00f3n- rosc\u00f3n, a obrador-obrador.<\/p>\n<p><strong>Desde principios del mes de diciembre puedes reservar y comprar tu rosc\u00f3n de Reyes ecol\u00f3gico<\/strong> y saludable en La Magdalena de Proust. Lo encontrar\u00e1s en cuatro versiones diferentes (cl\u00e1sico, de trigo; kamut; espelta integral; y el de trigo integral) y en dos tama\u00f1os distintos (de 400 gramos, para dos personas; y de 800 gramos, para cinco).<\/p>\n<p align=\"center\"><b>Accede al calendario completo de cursos \u00a0en\u00a0 <a href=\"http:\/\/www.lamagdalenadeproust.com\/escuela-cocina-madrid\/events\/calendar\">www.lamagdalenadeproust.com\/escuela-cocina-madrid<\/a><\/b><\/p>\n<p>&nbsp;<\/p>\n<p><a title=\"Curso de cocina 'Paseo por el bosque.Setas'\" href=\"http:\/\/www.lamagdalenadeproust.com\/escuela-cocina-madrid\/producto\/paseo-por-el-bosque-setas\/\" target=\"_blank\">\u00a0Curso de cocina &#8216;Paseo por el bosque. Setas&#8217;<\/a><\/p>\n<p><a title=\"Cocinas del Mundo. India\" href=\"http:\/\/www.lamagdalenadeproust.com\/escuela-cocina-madrid\/producto\/cocinas-del-mundo-india\/\" target=\"_blank\">Curso &#8216;Cocinas del mundo: India&#8217;<\/a><\/p>\n<p><a title=\"Curso 'Cocina r\u00e1pida para gente con prisa'\" href=\"http:\/\/www.lamagdalenadeproust.com\/escuela-cocina-madrid\/producto\/cocina-natural-cocina-rapida-para-gente-con-prisa\/\" target=\"_blank\">Curso de cocina natural &#8216;Cocina r\u00e1pida para gente con prisa&#8217;<\/a><\/p>\n<p>&nbsp;<\/p>\n<p>&nbsp;<\/p>\n","protected":false},"excerpt":{"rendered":"<p>Un proceso artesanal La Magdalena de Proust es un espacio gastron\u00f3mico especializado en cocina natural y vegetariana, que incluye obrador, eco tienda, comida a domicilio y una escuela de cocina que ense\u00f1a los secretos de la alimentaci\u00f3n vegetariana aplicada a las necesidades y gustos actuales. Del horno de su obrador, cada d\u00eda salen delicias en<\/p>\n","protected":false},"author":9,"featured_media":1603,"comment_status":"closed","ping_status":"open","sticky":false,"template":"","format":"standard","meta":{"footnotes":""},"categories":[73,54],"tags":[79,77,80,76,75,74,78],"class_list":["post-1602","post","type-post","status-publish","format-standard","has-post-thumbnail","hentry","category-cocina-ecologica","category-cocina-vegana","tag-cocina-saludable","tag-espelta-integral","tag-ingredientes-ecologicos","tag-kamut","tag-navidad","tag-roscon-de-reyes-ecologico","tag-trigo-integral"],"yoast_head":"<!-- This site is optimized with the Yoast SEO plugin v23.6 - https:\/\/yoast.com\/wordpress\/plugins\/seo\/ -->\n<title>\u00bfEl rosc\u00f3n de Reyes? Ecol\u00f3gico - Obrador de Pan Artesano<\/title>\n<meta name=\"description\" content=\"La Magdalena de Proust prepara roscones de Reyes ecol\u00f3gicos y artesanales. Variedades: el cl\u00e1sico (de trigo), kamut, espelta integral y trigo integral.\" \/>\n<meta name=\"robots\" content=\"index, follow, max-snippet:-1, max-image-preview:large, max-video-preview:-1\" \/>\n<link rel=\"canonical\" href=\"https:\/\/www.lamagdalenadeproust.com\/info\/el-roscon-de-reyes-ecologico\/\" \/>\n<meta property=\"og:locale\" content=\"es_ES\" \/>\n<meta property=\"og:type\" content=\"article\" \/>\n<meta property=\"og:title\" content=\"\u00bfEl rosc\u00f3n de Reyes? Ecol\u00f3gico - Obrador de Pan Artesano\" \/>\n<meta property=\"og:description\" content=\"La Magdalena de Proust prepara roscones de Reyes ecol\u00f3gicos y artesanales. Variedades: el cl\u00e1sico (de trigo), kamut, espelta integral y trigo integral.\" \/>\n<meta property=\"og:url\" content=\"https:\/\/www.lamagdalenadeproust.com\/info\/el-roscon-de-reyes-ecologico\/\" \/>\n<meta property=\"og:site_name\" content=\"Obrador de Pan Artesano\" \/>\n<meta property=\"article:author\" content=\"https:\/\/www.facebook.com\/pages\/La-Magdalena-de-Proust\/276873749025419\" \/>\n<meta property=\"article:published_time\" content=\"2013-12-05T06:50:35+00:00\" \/>\n<meta property=\"article:modified_time\" content=\"2013-12-05T09:25:16+00:00\" \/>\n<meta property=\"og:image\" content=\"https:\/\/www.lamagdalenadeproust.com\/info\/wp-content\/uploads\/2013\/12\/roscon1-1024x374.jpg\" \/>\n\t<meta property=\"og:image:width\" content=\"1024\" \/>\n\t<meta property=\"og:image:height\" content=\"374\" \/>\n\t<meta property=\"og:image:type\" content=\"image\/jpeg\" \/>\n<meta name=\"author\" content=\"Comunicacion\" \/>\n<meta name=\"twitter:label1\" content=\"Escrito por\" \/>\n\t<meta name=\"twitter:data1\" content=\"Comunicacion\" \/>\n\t<meta name=\"twitter:label2\" content=\"Tiempo de lectura\" \/>\n\t<meta name=\"twitter:data2\" content=\"3 minutos\" \/>\n<script type=\"application\/ld+json\" class=\"yoast-schema-graph\">{\"@context\":\"https:\/\/schema.org\",\"@graph\":[{\"@type\":\"Article\",\"@id\":\"https:\/\/www.lamagdalenadeproust.com\/info\/el-roscon-de-reyes-ecologico\/#article\",\"isPartOf\":{\"@id\":\"https:\/\/www.lamagdalenadeproust.com\/info\/el-roscon-de-reyes-ecologico\/\"},\"author\":{\"name\":\"Comunicacion\",\"@id\":\"https:\/\/www.lamagdalenadeproust.com\/info\/#\/schema\/person\/4fb16e75b4f11cb8bf55619699d23b62\"},\"headline\":\"\u00bfEl rosc\u00f3n de Reyes? Ecol\u00f3gico\",\"datePublished\":\"2013-12-05T06:50:35+00:00\",\"dateModified\":\"2013-12-05T09:25:16+00:00\",\"mainEntityOfPage\":{\"@id\":\"https:\/\/www.lamagdalenadeproust.com\/info\/el-roscon-de-reyes-ecologico\/\"},\"wordCount\":571,\"publisher\":{\"@id\":\"https:\/\/www.lamagdalenadeproust.com\/info\/#organization\"},\"image\":{\"@id\":\"https:\/\/www.lamagdalenadeproust.com\/info\/el-roscon-de-reyes-ecologico\/#primaryimage\"},\"thumbnailUrl\":\"https:\/\/www.lamagdalenadeproust.com\/info\/wp-content\/uploads\/2013\/12\/roscon1.jpg\",\"keywords\":[\"Cocina saludable\",\"Espelta integral\",\"ingredientes ecol\u00f3gicos\",\"Kamut\",\"Navidad\",\"Rosc\u00f3n de Reyes ecol\u00f3gico\",\"Trigo integral\"],\"articleSection\":[\"Cocina ecol\u00f3gica\",\"Cocina Vegana\"],\"inLanguage\":\"es\"},{\"@type\":\"WebPage\",\"@id\":\"https:\/\/www.lamagdalenadeproust.com\/info\/el-roscon-de-reyes-ecologico\/\",\"url\":\"https:\/\/www.lamagdalenadeproust.com\/info\/el-roscon-de-reyes-ecologico\/\",\"name\":\"\u00bfEl rosc\u00f3n de Reyes? Ecol\u00f3gico - Obrador de Pan Artesano\",\"isPartOf\":{\"@id\":\"https:\/\/www.lamagdalenadeproust.com\/info\/#website\"},\"primaryImageOfPage\":{\"@id\":\"https:\/\/www.lamagdalenadeproust.com\/info\/el-roscon-de-reyes-ecologico\/#primaryimage\"},\"image\":{\"@id\":\"https:\/\/www.lamagdalenadeproust.com\/info\/el-roscon-de-reyes-ecologico\/#primaryimage\"},\"thumbnailUrl\":\"https:\/\/www.lamagdalenadeproust.com\/info\/wp-content\/uploads\/2013\/12\/roscon1.jpg\",\"datePublished\":\"2013-12-05T06:50:35+00:00\",\"dateModified\":\"2013-12-05T09:25:16+00:00\",\"description\":\"La Magdalena de Proust prepara roscones de Reyes ecol\u00f3gicos y artesanales. Variedades: el cl\u00e1sico (de trigo), kamut, espelta integral y trigo integral.\",\"breadcrumb\":{\"@id\":\"https:\/\/www.lamagdalenadeproust.com\/info\/el-roscon-de-reyes-ecologico\/#breadcrumb\"},\"inLanguage\":\"es\",\"potentialAction\":[{\"@type\":\"ReadAction\",\"target\":[\"https:\/\/www.lamagdalenadeproust.com\/info\/el-roscon-de-reyes-ecologico\/\"]}]},{\"@type\":\"ImageObject\",\"inLanguage\":\"es\",\"@id\":\"https:\/\/www.lamagdalenadeproust.com\/info\/el-roscon-de-reyes-ecologico\/#primaryimage\",\"url\":\"https:\/\/www.lamagdalenadeproust.com\/info\/wp-content\/uploads\/2013\/12\/roscon1.jpg\",\"contentUrl\":\"https:\/\/www.lamagdalenadeproust.com\/info\/wp-content\/uploads\/2013\/12\/roscon1.jpg\",\"width\":4000,\"height\":1464,\"caption\":\"Rosc\u00f3n de Reyes hecho de forma artesanal y con ingredientes ecol\u00f3gicos\"},{\"@type\":\"BreadcrumbList\",\"@id\":\"https:\/\/www.lamagdalenadeproust.com\/info\/el-roscon-de-reyes-ecologico\/#breadcrumb\",\"itemListElement\":[{\"@type\":\"ListItem\",\"position\":1,\"name\":\"Home\",\"item\":\"https:\/\/www.lamagdalenadeproust.com\/info\/\"},{\"@type\":\"ListItem\",\"position\":2,\"name\":\"\u00bfEl rosc\u00f3n de Reyes? Ecol\u00f3gico\"}]},{\"@type\":\"WebSite\",\"@id\":\"https:\/\/www.lamagdalenadeproust.com\/info\/#website\",\"url\":\"https:\/\/www.lamagdalenadeproust.com\/info\/\",\"name\":\"Obrador de Pan Artesano\",\"description\":\"Obrador de pan artesanos en Madrid\",\"publisher\":{\"@id\":\"https:\/\/www.lamagdalenadeproust.com\/info\/#organization\"},\"potentialAction\":[{\"@type\":\"SearchAction\",\"target\":{\"@type\":\"EntryPoint\",\"urlTemplate\":\"https:\/\/www.lamagdalenadeproust.com\/info\/?s={search_term_string}\"},\"query-input\":{\"@type\":\"PropertyValueSpecification\",\"valueRequired\":true,\"valueName\":\"search_term_string\"}}],\"inLanguage\":\"es\"},{\"@type\":\"Organization\",\"@id\":\"https:\/\/www.lamagdalenadeproust.com\/info\/#organization\",\"name\":\"La Magdalena de Proust\",\"url\":\"https:\/\/www.lamagdalenadeproust.com\/info\/\",\"logo\":{\"@type\":\"ImageObject\",\"inLanguage\":\"es\",\"@id\":\"https:\/\/www.lamagdalenadeproust.com\/info\/#\/schema\/logo\/image\/\",\"url\":\"https:\/\/www.lamagdalenadeproust.com\/info\/wp-content\/uploads\/2016\/11\/Magadalena-Proust-Logo.png\",\"contentUrl\":\"https:\/\/www.lamagdalenadeproust.com\/info\/wp-content\/uploads\/2016\/11\/Magadalena-Proust-Logo.png\",\"width\":144,\"height\":105,\"caption\":\"La Magdalena de Proust\"},\"image\":{\"@id\":\"https:\/\/www.lamagdalenadeproust.com\/info\/#\/schema\/logo\/image\/\"}},{\"@type\":\"Person\",\"@id\":\"https:\/\/www.lamagdalenadeproust.com\/info\/#\/schema\/person\/4fb16e75b4f11cb8bf55619699d23b62\",\"name\":\"Comunicacion\",\"sameAs\":[\"http:\/\/www.lamagdalenadeproust.com\/\",\"https:\/\/www.facebook.com\/pages\/La-Magdalena-de-Proust\/276873749025419\",\"https:\/\/x.com\/laproust\"],\"url\":\"https:\/\/www.lamagdalenadeproust.com\/info\/author\/comunicacion\/\"}]}<\/script>\n<!-- \/ Yoast SEO plugin. -->","yoast_head_json":{"title":"\u00bfEl rosc\u00f3n de Reyes? Ecol\u00f3gico - Obrador de Pan Artesano","description":"La Magdalena de Proust prepara roscones de Reyes ecol\u00f3gicos y artesanales. Variedades: el cl\u00e1sico (de trigo), kamut, espelta integral y trigo integral.","robots":{"index":"index","follow":"follow","max-snippet":"max-snippet:-1","max-image-preview":"max-image-preview:large","max-video-preview":"max-video-preview:-1"},"canonical":"https:\/\/www.lamagdalenadeproust.com\/info\/el-roscon-de-reyes-ecologico\/","og_locale":"es_ES","og_type":"article","og_title":"\u00bfEl rosc\u00f3n de Reyes? Ecol\u00f3gico - Obrador de Pan Artesano","og_description":"La Magdalena de Proust prepara roscones de Reyes ecol\u00f3gicos y artesanales. Variedades: el cl\u00e1sico (de trigo), kamut, espelta integral y trigo integral.","og_url":"https:\/\/www.lamagdalenadeproust.com\/info\/el-roscon-de-reyes-ecologico\/","og_site_name":"Obrador de Pan Artesano","article_author":"https:\/\/www.facebook.com\/pages\/La-Magdalena-de-Proust\/276873749025419","article_published_time":"2013-12-05T06:50:35+00:00","article_modified_time":"2013-12-05T09:25:16+00:00","og_image":[{"width":1024,"height":374,"url":"https:\/\/www.lamagdalenadeproust.com\/info\/wp-content\/uploads\/2013\/12\/roscon1-1024x374.jpg","type":"image\/jpeg"}],"author":"Comunicacion","twitter_misc":{"Escrito por":"Comunicacion","Tiempo de lectura":"3 minutos"},"schema":{"@context":"https:\/\/schema.org","@graph":[{"@type":"Article","@id":"https:\/\/www.lamagdalenadeproust.com\/info\/el-roscon-de-reyes-ecologico\/#article","isPartOf":{"@id":"https:\/\/www.lamagdalenadeproust.com\/info\/el-roscon-de-reyes-ecologico\/"},"author":{"name":"Comunicacion","@id":"https:\/\/www.lamagdalenadeproust.com\/info\/#\/schema\/person\/4fb16e75b4f11cb8bf55619699d23b62"},"headline":"\u00bfEl rosc\u00f3n de Reyes? Ecol\u00f3gico","datePublished":"2013-12-05T06:50:35+00:00","dateModified":"2013-12-05T09:25:16+00:00","mainEntityOfPage":{"@id":"https:\/\/www.lamagdalenadeproust.com\/info\/el-roscon-de-reyes-ecologico\/"},"wordCount":571,"publisher":{"@id":"https:\/\/www.lamagdalenadeproust.com\/info\/#organization"},"image":{"@id":"https:\/\/www.lamagdalenadeproust.com\/info\/el-roscon-de-reyes-ecologico\/#primaryimage"},"thumbnailUrl":"https:\/\/www.lamagdalenadeproust.com\/info\/wp-content\/uploads\/2013\/12\/roscon1.jpg","keywords":["Cocina saludable","Espelta integral","ingredientes ecol\u00f3gicos","Kamut","Navidad","Rosc\u00f3n de Reyes ecol\u00f3gico","Trigo integral"],"articleSection":["Cocina ecol\u00f3gica","Cocina Vegana"],"inLanguage":"es"},{"@type":"WebPage","@id":"https:\/\/www.lamagdalenadeproust.com\/info\/el-roscon-de-reyes-ecologico\/","url":"https:\/\/www.lamagdalenadeproust.com\/info\/el-roscon-de-reyes-ecologico\/","name":"\u00bfEl rosc\u00f3n de Reyes? Ecol\u00f3gico - Obrador de Pan Artesano","isPartOf":{"@id":"https:\/\/www.lamagdalenadeproust.com\/info\/#website"},"primaryImageOfPage":{"@id":"https:\/\/www.lamagdalenadeproust.com\/info\/el-roscon-de-reyes-ecologico\/#primaryimage"},"image":{"@id":"https:\/\/www.lamagdalenadeproust.com\/info\/el-roscon-de-reyes-ecologico\/#primaryimage"},"thumbnailUrl":"https:\/\/www.lamagdalenadeproust.com\/info\/wp-content\/uploads\/2013\/12\/roscon1.jpg","datePublished":"2013-12-05T06:50:35+00:00","dateModified":"2013-12-05T09:25:16+00:00","description":"La Magdalena de Proust prepara roscones de Reyes ecol\u00f3gicos y artesanales. Variedades: el cl\u00e1sico (de trigo), kamut, espelta integral y trigo integral.","breadcrumb":{"@id":"https:\/\/www.lamagdalenadeproust.com\/info\/el-roscon-de-reyes-ecologico\/#breadcrumb"},"inLanguage":"es","potentialAction":[{"@type":"ReadAction","target":["https:\/\/www.lamagdalenadeproust.com\/info\/el-roscon-de-reyes-ecologico\/"]}]},{"@type":"ImageObject","inLanguage":"es","@id":"https:\/\/www.lamagdalenadeproust.com\/info\/el-roscon-de-reyes-ecologico\/#primaryimage","url":"https:\/\/www.lamagdalenadeproust.com\/info\/wp-content\/uploads\/2013\/12\/roscon1.jpg","contentUrl":"https:\/\/www.lamagdalenadeproust.com\/info\/wp-content\/uploads\/2013\/12\/roscon1.jpg","width":4000,"height":1464,"caption":"Rosc\u00f3n de Reyes hecho de forma artesanal y con ingredientes ecol\u00f3gicos"},{"@type":"BreadcrumbList","@id":"https:\/\/www.lamagdalenadeproust.com\/info\/el-roscon-de-reyes-ecologico\/#breadcrumb","itemListElement":[{"@type":"ListItem","position":1,"name":"Home","item":"https:\/\/www.lamagdalenadeproust.com\/info\/"},{"@type":"ListItem","position":2,"name":"\u00bfEl rosc\u00f3n de Reyes? Ecol\u00f3gico"}]},{"@type":"WebSite","@id":"https:\/\/www.lamagdalenadeproust.com\/info\/#website","url":"https:\/\/www.lamagdalenadeproust.com\/info\/","name":"Obrador de Pan Artesano","description":"Obrador de pan artesanos en Madrid","publisher":{"@id":"https:\/\/www.lamagdalenadeproust.com\/info\/#organization"},"potentialAction":[{"@type":"SearchAction","target":{"@type":"EntryPoint","urlTemplate":"https:\/\/www.lamagdalenadeproust.com\/info\/?s={search_term_string}"},"query-input":{"@type":"PropertyValueSpecification","valueRequired":true,"valueName":"search_term_string"}}],"inLanguage":"es"},{"@type":"Organization","@id":"https:\/\/www.lamagdalenadeproust.com\/info\/#organization","name":"La Magdalena de Proust","url":"https:\/\/www.lamagdalenadeproust.com\/info\/","logo":{"@type":"ImageObject","inLanguage":"es","@id":"https:\/\/www.lamagdalenadeproust.com\/info\/#\/schema\/logo\/image\/","url":"https:\/\/www.lamagdalenadeproust.com\/info\/wp-content\/uploads\/2016\/11\/Magadalena-Proust-Logo.png","contentUrl":"https:\/\/www.lamagdalenadeproust.com\/info\/wp-content\/uploads\/2016\/11\/Magadalena-Proust-Logo.png","width":144,"height":105,"caption":"La Magdalena de Proust"},"image":{"@id":"https:\/\/www.lamagdalenadeproust.com\/info\/#\/schema\/logo\/image\/"}},{"@type":"Person","@id":"https:\/\/www.lamagdalenadeproust.com\/info\/#\/schema\/person\/4fb16e75b4f11cb8bf55619699d23b62","name":"Comunicacion","sameAs":["http:\/\/www.lamagdalenadeproust.com\/","https:\/\/www.facebook.com\/pages\/La-Magdalena-de-Proust\/276873749025419","https:\/\/x.com\/laproust"],"url":"https:\/\/www.lamagdalenadeproust.com\/info\/author\/comunicacion\/"}]}},"_links":{"self":[{"href":"https:\/\/www.lamagdalenadeproust.com\/info\/wp-json\/wp\/v2\/posts\/1602","targetHints":{"allow":["GET"]}}],"collection":[{"href":"https:\/\/www.lamagdalenadeproust.com\/info\/wp-json\/wp\/v2\/posts"}],"about":[{"href":"https:\/\/www.lamagdalenadeproust.com\/info\/wp-json\/wp\/v2\/types\/post"}],"author":[{"embeddable":true,"href":"https:\/\/www.lamagdalenadeproust.com\/info\/wp-json\/wp\/v2\/users\/9"}],"replies":[{"embeddable":true,"href":"https:\/\/www.lamagdalenadeproust.com\/info\/wp-json\/wp\/v2\/comments?post=1602"}],"version-history":[{"count":14,"href":"https:\/\/www.lamagdalenadeproust.com\/info\/wp-json\/wp\/v2\/posts\/1602\/revisions"}],"predecessor-version":[{"id":1616,"href":"https:\/\/www.lamagdalenadeproust.com\/info\/wp-json\/wp\/v2\/posts\/1602\/revisions\/1616"}],"wp:featuredmedia":[{"embeddable":true,"href":"https:\/\/www.lamagdalenadeproust.com\/info\/wp-json\/wp\/v2\/media\/1603"}],"wp:attachment":[{"href":"https:\/\/www.lamagdalenadeproust.com\/info\/wp-json\/wp\/v2\/media?parent=1602"}],"wp:term":[{"taxonomy":"category","embeddable":true,"href":"https:\/\/www.lamagdalenadeproust.com\/info\/wp-json\/wp\/v2\/categories?post=1602"},{"taxonomy":"post_tag","embeddable":true,"href":"https:\/\/www.lamagdalenadeproust.com\/info\/wp-json\/wp\/v2\/tags?post=1602"}],"curies":[{"name":"wp","href":"https:\/\/api.w.org\/{rel}","templated":true}]}}