{"id":1547,"date":"2013-11-14T10:30:56","date_gmt":"2013-11-14T09:30:56","guid":{"rendered":"http:\/\/www.lamagdalenadeproust.com\/escuela-cocina-madrid\/?p=1547"},"modified":"2016-12-07T09:39:07","modified_gmt":"2016-12-07T08:39:07","slug":"biocultura-2013","status":"publish","type":"post","link":"https:\/\/www.lamagdalenadeproust.com\/info\/biocultura-2013\/","title":{"rendered":"Nos vemos en Biocultura del 14 al 17 de noviembre"},"content":{"rendered":"<p>Del jueves 14 al 17 de noviembre La Magdalena de Proust estar\u00e1 en la\u00a0Feria de Productos Ecol\u00f3gicos y Consumo Responsable\u00a0Biocultura 2013 que se celebra en el recinto ferial de Ifema. Vamos a llevar nuestro obrador de pan para hornear pan \u00bb en directo\u00bb estaremos en el <strong>stand 232<\/strong>. Esperamos veros a todos por all\u00ed. Para los que nos conozcan la feria os dejamos aqu\u00ed informaci\u00f3n de la misma.<\/p>\n<p>BioCultura es la Feria de Productos Ecol\u00f3gicos y Consumo Responsable, es un encuentro de car\u00e1cter internacional que est\u00e1 entre las dos ferias del sector m\u00e1s importantes en Europa.\u00a0Se celebra todos los a\u00f1os en Valencia, Barcelona, Bilbao y Madrid.<br \/>\nEn esta edici\u00f3n participar\u00e1n m\u00e1s de 700 expositores y vendr\u00e1n de 70.000 visitantes.<\/p>\n<p>BioCultura es s\u00edmbolo a su vez del cambio, necesario e imprescindible, para dar el paso definitivo hacia un mundo realmente sostenible.<\/p>\n<p>La feria de los productos ecol\u00f3gicos y el consumo responsable es la avanzadilla de todas aquellas tendencias modernas y antiguas que quieren hacer de nuestro mundo un lugar m\u00e1s agradable y limpio para vivir dignamente.<\/p>\n","protected":false},"excerpt":{"rendered":"<p>Del jueves 14 al 17 de noviembre La Magdalena de Proust estar\u00e1 en la\u00a0Feria de Productos Ecol\u00f3gicos y Consumo Responsable\u00a0Biocultura 2013 que se celebra en el recinto ferial de Ifema. Vamos a llevar nuestro obrador de pan para hornear pan \u00bb en directo\u00bb estaremos en el stand 232. Esperamos veros a todos por all\u00ed. Para<\/p>\n","protected":false},"author":1,"featured_media":0,"comment_status":"closed","ping_status":"open","sticky":false,"template":"","format":"standard","meta":{"footnotes":""},"categories":[184],"tags":[217],"class_list":["post-1547","post","type-post","status-publish","format-standard","hentry","category-econoticias","tag-biocultura"],"yoast_head":"<!-- This site is optimized with the Yoast SEO plugin v23.6 - https:\/\/yoast.com\/wordpress\/plugins\/seo\/ -->\n<title>Estaremos en Biocultura 2013 La Magdalena de Proust<\/title>\n<meta name=\"description\" content=\"Del jueves 14 al 17 de noviembre La Magdalena de Proust estar\u00e1 en la Feria de Productos Ecol\u00f3gicos y Consumo Responsable Biocultura 2013 con nuestyro obrador de pan ecologico artesano\" \/>\n<meta name=\"robots\" content=\"index, follow, max-snippet:-1, max-image-preview:large, max-video-preview:-1\" \/>\n<link rel=\"canonical\" href=\"https:\/\/www.lamagdalenadeproust.com\/info\/biocultura-2013\/\" \/>\n<meta property=\"og:locale\" content=\"es_ES\" \/>\n<meta property=\"og:type\" content=\"article\" \/>\n<meta property=\"og:title\" content=\"Estaremos en Biocultura 2013 La Magdalena de Proust\" \/>\n<meta property=\"og:description\" content=\"Del jueves 14 al 17 de noviembre La Magdalena de Proust estar\u00e1 en la Feria de Productos Ecol\u00f3gicos y Consumo Responsable Biocultura 2013 con nuestyro obrador de pan ecologico artesano\" \/>\n<meta property=\"og:url\" content=\"https:\/\/www.lamagdalenadeproust.com\/info\/biocultura-2013\/\" \/>\n<meta property=\"og:site_name\" content=\"Obrador de Pan Artesano\" \/>\n<meta property=\"article:published_time\" content=\"2013-11-14T09:30:56+00:00\" \/>\n<meta property=\"article:modified_time\" content=\"2016-12-07T08:39:07+00:00\" \/>\n<meta name=\"author\" content=\"La Magdalena de Proust\" \/>\n<meta name=\"twitter:label1\" content=\"Escrito por\" \/>\n\t<meta name=\"twitter:data1\" content=\"La Magdalena de Proust\" \/>\n\t<meta name=\"twitter:label2\" content=\"Tiempo de lectura\" \/>\n\t<meta name=\"twitter:data2\" content=\"1 minuto\" \/>\n<script type=\"application\/ld+json\" class=\"yoast-schema-graph\">{\"@context\":\"https:\/\/schema.org\",\"@graph\":[{\"@type\":\"Article\",\"@id\":\"https:\/\/www.lamagdalenadeproust.com\/info\/biocultura-2013\/#article\",\"isPartOf\":{\"@id\":\"https:\/\/www.lamagdalenadeproust.com\/info\/biocultura-2013\/\"},\"author\":{\"name\":\"La Magdalena de Proust\",\"@id\":\"https:\/\/www.lamagdalenadeproust.com\/info\/#\/schema\/person\/3903d0399b79125fde56924fa81b0db0\"},\"headline\":\"Nos vemos en Biocultura del 14 al 17 de noviembre\",\"datePublished\":\"2013-11-14T09:30:56+00:00\",\"dateModified\":\"2016-12-07T08:39:07+00:00\",\"mainEntityOfPage\":{\"@id\":\"https:\/\/www.lamagdalenadeproust.com\/info\/biocultura-2013\/\"},\"wordCount\":192,\"publisher\":{\"@id\":\"https:\/\/www.lamagdalenadeproust.com\/info\/#organization\"},\"keywords\":[\"biocultura\"],\"articleSection\":[\"Econoticias\"],\"inLanguage\":\"es\"},{\"@type\":\"WebPage\",\"@id\":\"https:\/\/www.lamagdalenadeproust.com\/info\/biocultura-2013\/\",\"url\":\"https:\/\/www.lamagdalenadeproust.com\/info\/biocultura-2013\/\",\"name\":\"Estaremos en Biocultura 2013 La Magdalena de Proust\",\"isPartOf\":{\"@id\":\"https:\/\/www.lamagdalenadeproust.com\/info\/#website\"},\"datePublished\":\"2013-11-14T09:30:56+00:00\",\"dateModified\":\"2016-12-07T08:39:07+00:00\",\"description\":\"Del jueves 14 al 17 de noviembre La Magdalena de Proust estar\u00e1 en la Feria de Productos Ecol\u00f3gicos y Consumo Responsable Biocultura 2013 con nuestyro obrador de pan ecologico artesano\",\"breadcrumb\":{\"@id\":\"https:\/\/www.lamagdalenadeproust.com\/info\/biocultura-2013\/#breadcrumb\"},\"inLanguage\":\"es\",\"potentialAction\":[{\"@type\":\"ReadAction\",\"target\":[\"https:\/\/www.lamagdalenadeproust.com\/info\/biocultura-2013\/\"]}]},{\"@type\":\"BreadcrumbList\",\"@id\":\"https:\/\/www.lamagdalenadeproust.com\/info\/biocultura-2013\/#breadcrumb\",\"itemListElement\":[{\"@type\":\"ListItem\",\"position\":1,\"name\":\"Home\",\"item\":\"https:\/\/www.lamagdalenadeproust.com\/info\/\"},{\"@type\":\"ListItem\",\"position\":2,\"name\":\"Nos vemos en Biocultura del 14 al 17 de noviembre\"}]},{\"@type\":\"WebSite\",\"@id\":\"https:\/\/www.lamagdalenadeproust.com\/info\/#website\",\"url\":\"https:\/\/www.lamagdalenadeproust.com\/info\/\",\"name\":\"Obrador de Pan Artesano\",\"description\":\"Obrador de pan artesanos en Madrid\",\"publisher\":{\"@id\":\"https:\/\/www.lamagdalenadeproust.com\/info\/#organization\"},\"potentialAction\":[{\"@type\":\"SearchAction\",\"target\":{\"@type\":\"EntryPoint\",\"urlTemplate\":\"https:\/\/www.lamagdalenadeproust.com\/info\/?s={search_term_string}\"},\"query-input\":{\"@type\":\"PropertyValueSpecification\",\"valueRequired\":true,\"valueName\":\"search_term_string\"}}],\"inLanguage\":\"es\"},{\"@type\":\"Organization\",\"@id\":\"https:\/\/www.lamagdalenadeproust.com\/info\/#organization\",\"name\":\"La Magdalena de Proust\",\"url\":\"https:\/\/www.lamagdalenadeproust.com\/info\/\",\"logo\":{\"@type\":\"ImageObject\",\"inLanguage\":\"es\",\"@id\":\"https:\/\/www.lamagdalenadeproust.com\/info\/#\/schema\/logo\/image\/\",\"url\":\"https:\/\/www.lamagdalenadeproust.com\/info\/wp-content\/uploads\/2016\/11\/Magadalena-Proust-Logo.png\",\"contentUrl\":\"https:\/\/www.lamagdalenadeproust.com\/info\/wp-content\/uploads\/2016\/11\/Magadalena-Proust-Logo.png\",\"width\":144,\"height\":105,\"caption\":\"La Magdalena de Proust\"},\"image\":{\"@id\":\"https:\/\/www.lamagdalenadeproust.com\/info\/#\/schema\/logo\/image\/\"}},{\"@type\":\"Person\",\"@id\":\"https:\/\/www.lamagdalenadeproust.com\/info\/#\/schema\/person\/3903d0399b79125fde56924fa81b0db0\",\"name\":\"La Magdalena de Proust\",\"url\":\"https:\/\/www.lamagdalenadeproust.com\/info\/author\/eduarroyo05\/\"}]}<\/script>\n<!-- \/ Yoast SEO plugin. -->","yoast_head_json":{"title":"Estaremos en Biocultura 2013 La Magdalena de Proust","description":"Del jueves 14 al 17 de noviembre La Magdalena de Proust estar\u00e1 en la Feria de Productos Ecol\u00f3gicos y Consumo Responsable Biocultura 2013 con nuestyro obrador de pan ecologico artesano","robots":{"index":"index","follow":"follow","max-snippet":"max-snippet:-1","max-image-preview":"max-image-preview:large","max-video-preview":"max-video-preview:-1"},"canonical":"https:\/\/www.lamagdalenadeproust.com\/info\/biocultura-2013\/","og_locale":"es_ES","og_type":"article","og_title":"Estaremos en Biocultura 2013 La Magdalena de Proust","og_description":"Del jueves 14 al 17 de noviembre La Magdalena de Proust estar\u00e1 en la Feria de Productos Ecol\u00f3gicos y Consumo Responsable Biocultura 2013 con nuestyro obrador de pan ecologico artesano","og_url":"https:\/\/www.lamagdalenadeproust.com\/info\/biocultura-2013\/","og_site_name":"Obrador de Pan Artesano","article_published_time":"2013-11-14T09:30:56+00:00","article_modified_time":"2016-12-07T08:39:07+00:00","author":"La Magdalena de Proust","twitter_misc":{"Escrito por":"La Magdalena de Proust","Tiempo de lectura":"1 minuto"},"schema":{"@context":"https:\/\/schema.org","@graph":[{"@type":"Article","@id":"https:\/\/www.lamagdalenadeproust.com\/info\/biocultura-2013\/#article","isPartOf":{"@id":"https:\/\/www.lamagdalenadeproust.com\/info\/biocultura-2013\/"},"author":{"name":"La Magdalena de Proust","@id":"https:\/\/www.lamagdalenadeproust.com\/info\/#\/schema\/person\/3903d0399b79125fde56924fa81b0db0"},"headline":"Nos vemos en Biocultura del 14 al 17 de noviembre","datePublished":"2013-11-14T09:30:56+00:00","dateModified":"2016-12-07T08:39:07+00:00","mainEntityOfPage":{"@id":"https:\/\/www.lamagdalenadeproust.com\/info\/biocultura-2013\/"},"wordCount":192,"publisher":{"@id":"https:\/\/www.lamagdalenadeproust.com\/info\/#organization"},"keywords":["biocultura"],"articleSection":["Econoticias"],"inLanguage":"es"},{"@type":"WebPage","@id":"https:\/\/www.lamagdalenadeproust.com\/info\/biocultura-2013\/","url":"https:\/\/www.lamagdalenadeproust.com\/info\/biocultura-2013\/","name":"Estaremos en Biocultura 2013 La Magdalena de Proust","isPartOf":{"@id":"https:\/\/www.lamagdalenadeproust.com\/info\/#website"},"datePublished":"2013-11-14T09:30:56+00:00","dateModified":"2016-12-07T08:39:07+00:00","description":"Del jueves 14 al 17 de noviembre La Magdalena de Proust estar\u00e1 en la Feria de Productos Ecol\u00f3gicos y Consumo Responsable Biocultura 2013 con nuestyro obrador de pan ecologico artesano","breadcrumb":{"@id":"https:\/\/www.lamagdalenadeproust.com\/info\/biocultura-2013\/#breadcrumb"},"inLanguage":"es","potentialAction":[{"@type":"ReadAction","target":["https:\/\/www.lamagdalenadeproust.com\/info\/biocultura-2013\/"]}]},{"@type":"BreadcrumbList","@id":"https:\/\/www.lamagdalenadeproust.com\/info\/biocultura-2013\/#breadcrumb","itemListElement":[{"@type":"ListItem","position":1,"name":"Home","item":"https:\/\/www.lamagdalenadeproust.com\/info\/"},{"@type":"ListItem","position":2,"name":"Nos vemos en Biocultura del 14 al 17 de noviembre"}]},{"@type":"WebSite","@id":"https:\/\/www.lamagdalenadeproust.com\/info\/#website","url":"https:\/\/www.lamagdalenadeproust.com\/info\/","name":"Obrador de Pan Artesano","description":"Obrador de pan artesanos en Madrid","publisher":{"@id":"https:\/\/www.lamagdalenadeproust.com\/info\/#organization"},"potentialAction":[{"@type":"SearchAction","target":{"@type":"EntryPoint","urlTemplate":"https:\/\/www.lamagdalenadeproust.com\/info\/?s={search_term_string}"},"query-input":{"@type":"PropertyValueSpecification","valueRequired":true,"valueName":"search_term_string"}}],"inLanguage":"es"},{"@type":"Organization","@id":"https:\/\/www.lamagdalenadeproust.com\/info\/#organization","name":"La Magdalena de Proust","url":"https:\/\/www.lamagdalenadeproust.com\/info\/","logo":{"@type":"ImageObject","inLanguage":"es","@id":"https:\/\/www.lamagdalenadeproust.com\/info\/#\/schema\/logo\/image\/","url":"https:\/\/www.lamagdalenadeproust.com\/info\/wp-content\/uploads\/2016\/11\/Magadalena-Proust-Logo.png","contentUrl":"https:\/\/www.lamagdalenadeproust.com\/info\/wp-content\/uploads\/2016\/11\/Magadalena-Proust-Logo.png","width":144,"height":105,"caption":"La Magdalena de Proust"},"image":{"@id":"https:\/\/www.lamagdalenadeproust.com\/info\/#\/schema\/logo\/image\/"}},{"@type":"Person","@id":"https:\/\/www.lamagdalenadeproust.com\/info\/#\/schema\/person\/3903d0399b79125fde56924fa81b0db0","name":"La Magdalena de Proust","url":"https:\/\/www.lamagdalenadeproust.com\/info\/author\/eduarroyo05\/"}]}},"_links":{"self":[{"href":"https:\/\/www.lamagdalenadeproust.com\/info\/wp-json\/wp\/v2\/posts\/1547","targetHints":{"allow":["GET"]}}],"collection":[{"href":"https:\/\/www.lamagdalenadeproust.com\/info\/wp-json\/wp\/v2\/posts"}],"about":[{"href":"https:\/\/www.lamagdalenadeproust.com\/info\/wp-json\/wp\/v2\/types\/post"}],"author":[{"embeddable":true,"href":"https:\/\/www.lamagdalenadeproust.com\/info\/wp-json\/wp\/v2\/users\/1"}],"replies":[{"embeddable":true,"href":"https:\/\/www.lamagdalenadeproust.com\/info\/wp-json\/wp\/v2\/comments?post=1547"}],"version-history":[{"count":4,"href":"https:\/\/www.lamagdalenadeproust.com\/info\/wp-json\/wp\/v2\/posts\/1547\/revisions"}],"predecessor-version":[{"id":1553,"href":"https:\/\/www.lamagdalenadeproust.com\/info\/wp-json\/wp\/v2\/posts\/1547\/revisions\/1553"}],"wp:attachment":[{"href":"https:\/\/www.lamagdalenadeproust.com\/info\/wp-json\/wp\/v2\/media?parent=1547"}],"wp:term":[{"taxonomy":"category","embeddable":true,"href":"https:\/\/www.lamagdalenadeproust.com\/info\/wp-json\/wp\/v2\/categories?post=1547"},{"taxonomy":"post_tag","embeddable":true,"href":"https:\/\/www.lamagdalenadeproust.com\/info\/wp-json\/wp\/v2\/tags?post=1547"}],"curies":[{"name":"wp","href":"https:\/\/api.w.org\/{rel}","templated":true}]}}