{"id":1026,"date":"2015-05-14T21:27:31","date_gmt":"2015-05-14T15:27:31","guid":{"rendered":"http:\/\/lamagdalenadeproust.com\/?p=1026"},"modified":"2015-05-14T21:27:31","modified_gmt":"2015-05-14T15:27:31","slug":"un-batido-verde-al-dia-te-llenara-de-energia","status":"publish","type":"post","link":"https:\/\/www.lamagdalenadeproust.com\/info\/un-batido-verde-al-dia-te-llenara-de-energia\/","title":{"rendered":"Un batido verde al d\u00eda&#8230;te llenar\u00e1 de energ\u00eda!"},"content":{"rendered":"\n<p>Los batidos verdes son una forma sencilla y agradable de hacer una depuraci\u00f3n org\u00e1nica. En esta \u00e9poca del a\u00f1o en que las frutas y verduras est\u00e1n en su m\u00e1ximo esplendor, te proponemos incorporar en tu d\u00eda a d\u00eda un batido verde y ver\u00e1s c\u00f3mo te llena de energ\u00eda!. Los batidos verdes que te proponemos se preparan a base de frutas y verduras de hoja y superalimentos que nos van a beneficiar en m\u00faltiples aspectos ya que combinan alimentos con virtudes depurativas y antioxidantes con complementos nutricionales que nos van a ayudar a limpiar y energizar nuestro organismo.<\/p>\n<p>Para complementar y potenciar los efectos de los batidos verdes vamos a intentar eliminar de nuestra dieta durante esta semana alimentos procesados ricos en az\u00facar y grasas y vamos a optar por preparaciones culinarias sencillas que adem\u00e1s introduzcan en nuestra dieta alimentos que de por s\u00ed tienen tambi\u00e9n una alta capacidad detoxificante y antioxidante como las verduras crudas, el apio, los c\u00edtricos, el perejil, el aceite de oliva virgen el pescado azul y las legumbres y cereales integrales.<\/p>\n<p>En nuestra tienda online ofrecemos kits con fruta y verdura ecol\u00f3gica, superalimentos y te regalamos un curso para ense\u00f1arte a e prepararlos! Reserva tu plaza y tu kit <a title=\"aqui\" href=\"http:\/\/goo.gl\/forms\/0pjoZWchXl\" target=\"_blank\">aqui<\/a><\/p>\n","protected":false},"excerpt":{"rendered":"<p>Los batidos verdes son una forma sencilla y agradable de hacer una depuraci\u00f3n org\u00e1nica. En esta \u00e9poca del a\u00f1o en que las frutas y verduras est\u00e1n en su m\u00e1ximo esplendor, te proponemos incorporar en tu d\u00eda a d\u00eda un batido verde y ver\u00e1s c\u00f3mo te llena de energ\u00eda!. Los batidos verdes que te proponemos se<\/p>\n","protected":false},"author":75,"featured_media":6718,"comment_status":"open","ping_status":"open","sticky":false,"template":"","format":"standard","meta":{"footnotes":""},"categories":[184],"tags":[],"class_list":["post-1026","post","type-post","status-publish","format-standard","has-post-thumbnail","hentry","category-econoticias"],"yoast_head":"<!-- This site is optimized with the Yoast SEO plugin v23.6 - https:\/\/yoast.com\/wordpress\/plugins\/seo\/ -->\n<title>Un batido verde al d\u00eda...te llenar\u00e1 de energ\u00eda! - Obrador de Pan Artesano<\/title>\n<meta name=\"robots\" content=\"index, follow, max-snippet:-1, max-image-preview:large, max-video-preview:-1\" \/>\n<link rel=\"canonical\" href=\"https:\/\/www.lamagdalenadeproust.com\/info\/un-batido-verde-al-dia-te-llenara-de-energia\/\" \/>\n<meta property=\"og:locale\" content=\"es_ES\" \/>\n<meta property=\"og:type\" content=\"article\" \/>\n<meta property=\"og:title\" content=\"Un batido verde al d\u00eda...te llenar\u00e1 de energ\u00eda! - Obrador de Pan Artesano\" \/>\n<meta property=\"og:description\" content=\"Los batidos verdes son una forma sencilla y agradable de hacer una depuraci\u00f3n org\u00e1nica. En esta \u00e9poca del a\u00f1o en que las frutas y verduras est\u00e1n en su m\u00e1ximo esplendor, te proponemos incorporar en tu d\u00eda a d\u00eda un batido verde y ver\u00e1s c\u00f3mo te llena de energ\u00eda!. Los batidos verdes que te proponemos se\" \/>\n<meta property=\"og:url\" content=\"https:\/\/www.lamagdalenadeproust.com\/info\/un-batido-verde-al-dia-te-llenara-de-energia\/\" \/>\n<meta property=\"og:site_name\" content=\"Obrador de Pan Artesano\" \/>\n<meta property=\"article:published_time\" content=\"2015-05-14T15:27:31+00:00\" \/>\n<meta property=\"og:image\" content=\"https:\/\/www.lamagdalenadeproust.com\/info\/wp-content\/uploads\/2015\/05\/IMG_9403-300x300-2.jpg\" \/>\n\t<meta property=\"og:image:width\" content=\"300\" \/>\n\t<meta property=\"og:image:height\" content=\"300\" \/>\n\t<meta property=\"og:image:type\" content=\"image\/jpeg\" \/>\n<meta name=\"author\" content=\"Calvo Pichardo\" \/>\n<meta name=\"twitter:label1\" content=\"Escrito por\" \/>\n\t<meta name=\"twitter:data1\" content=\"Calvo Pichardo\" \/>\n\t<meta name=\"twitter:label2\" content=\"Tiempo de lectura\" \/>\n\t<meta name=\"twitter:data2\" content=\"1 minuto\" \/>\n<script type=\"application\/ld+json\" class=\"yoast-schema-graph\">{\"@context\":\"https:\/\/schema.org\",\"@graph\":[{\"@type\":\"Article\",\"@id\":\"https:\/\/www.lamagdalenadeproust.com\/info\/un-batido-verde-al-dia-te-llenara-de-energia\/#article\",\"isPartOf\":{\"@id\":\"https:\/\/www.lamagdalenadeproust.com\/info\/un-batido-verde-al-dia-te-llenara-de-energia\/\"},\"author\":{\"name\":\"Calvo Pichardo\",\"@id\":\"https:\/\/www.lamagdalenadeproust.com\/info\/#\/schema\/person\/a97b04166cb78a3d643f62b1f896436b\"},\"headline\":\"Un batido verde al d\u00eda&#8230;te llenar\u00e1 de energ\u00eda!\",\"datePublished\":\"2015-05-14T15:27:31+00:00\",\"dateModified\":\"2015-05-14T15:27:31+00:00\",\"mainEntityOfPage\":{\"@id\":\"https:\/\/www.lamagdalenadeproust.com\/info\/un-batido-verde-al-dia-te-llenara-de-energia\/\"},\"wordCount\":250,\"commentCount\":0,\"publisher\":{\"@id\":\"https:\/\/www.lamagdalenadeproust.com\/info\/#organization\"},\"image\":{\"@id\":\"https:\/\/www.lamagdalenadeproust.com\/info\/un-batido-verde-al-dia-te-llenara-de-energia\/#primaryimage\"},\"thumbnailUrl\":\"https:\/\/www.lamagdalenadeproust.com\/info\/wp-content\/uploads\/2015\/05\/IMG_9403-300x300-2.jpg\",\"articleSection\":[\"Econoticias\"],\"inLanguage\":\"es\",\"potentialAction\":[{\"@type\":\"CommentAction\",\"name\":\"Comment\",\"target\":[\"https:\/\/www.lamagdalenadeproust.com\/info\/un-batido-verde-al-dia-te-llenara-de-energia\/#respond\"]}]},{\"@type\":\"WebPage\",\"@id\":\"https:\/\/www.lamagdalenadeproust.com\/info\/un-batido-verde-al-dia-te-llenara-de-energia\/\",\"url\":\"https:\/\/www.lamagdalenadeproust.com\/info\/un-batido-verde-al-dia-te-llenara-de-energia\/\",\"name\":\"Un batido verde al d\u00eda...te llenar\u00e1 de energ\u00eda! - Obrador de Pan Artesano\",\"isPartOf\":{\"@id\":\"https:\/\/www.lamagdalenadeproust.com\/info\/#website\"},\"primaryImageOfPage\":{\"@id\":\"https:\/\/www.lamagdalenadeproust.com\/info\/un-batido-verde-al-dia-te-llenara-de-energia\/#primaryimage\"},\"image\":{\"@id\":\"https:\/\/www.lamagdalenadeproust.com\/info\/un-batido-verde-al-dia-te-llenara-de-energia\/#primaryimage\"},\"thumbnailUrl\":\"https:\/\/www.lamagdalenadeproust.com\/info\/wp-content\/uploads\/2015\/05\/IMG_9403-300x300-2.jpg\",\"datePublished\":\"2015-05-14T15:27:31+00:00\",\"dateModified\":\"2015-05-14T15:27:31+00:00\",\"breadcrumb\":{\"@id\":\"https:\/\/www.lamagdalenadeproust.com\/info\/un-batido-verde-al-dia-te-llenara-de-energia\/#breadcrumb\"},\"inLanguage\":\"es\",\"potentialAction\":[{\"@type\":\"ReadAction\",\"target\":[\"https:\/\/www.lamagdalenadeproust.com\/info\/un-batido-verde-al-dia-te-llenara-de-energia\/\"]}]},{\"@type\":\"ImageObject\",\"inLanguage\":\"es\",\"@id\":\"https:\/\/www.lamagdalenadeproust.com\/info\/un-batido-verde-al-dia-te-llenara-de-energia\/#primaryimage\",\"url\":\"https:\/\/www.lamagdalenadeproust.com\/info\/wp-content\/uploads\/2015\/05\/IMG_9403-300x300-2.jpg\",\"contentUrl\":\"https:\/\/www.lamagdalenadeproust.com\/info\/wp-content\/uploads\/2015\/05\/IMG_9403-300x300-2.jpg\",\"width\":300,\"height\":300,\"caption\":\"IMG_9403-300x300.jpg\"},{\"@type\":\"BreadcrumbList\",\"@id\":\"https:\/\/www.lamagdalenadeproust.com\/info\/un-batido-verde-al-dia-te-llenara-de-energia\/#breadcrumb\",\"itemListElement\":[{\"@type\":\"ListItem\",\"position\":1,\"name\":\"Home\",\"item\":\"https:\/\/www.lamagdalenadeproust.com\/info\/\"},{\"@type\":\"ListItem\",\"position\":2,\"name\":\"Un batido verde al d\u00eda&#8230;te llenar\u00e1 de energ\u00eda!\"}]},{\"@type\":\"WebSite\",\"@id\":\"https:\/\/www.lamagdalenadeproust.com\/info\/#website\",\"url\":\"https:\/\/www.lamagdalenadeproust.com\/info\/\",\"name\":\"Obrador de Pan Artesano\",\"description\":\"Obrador de pan artesanos en Madrid\",\"publisher\":{\"@id\":\"https:\/\/www.lamagdalenadeproust.com\/info\/#organization\"},\"potentialAction\":[{\"@type\":\"SearchAction\",\"target\":{\"@type\":\"EntryPoint\",\"urlTemplate\":\"https:\/\/www.lamagdalenadeproust.com\/info\/?s={search_term_string}\"},\"query-input\":{\"@type\":\"PropertyValueSpecification\",\"valueRequired\":true,\"valueName\":\"search_term_string\"}}],\"inLanguage\":\"es\"},{\"@type\":\"Organization\",\"@id\":\"https:\/\/www.lamagdalenadeproust.com\/info\/#organization\",\"name\":\"La Magdalena de Proust\",\"url\":\"https:\/\/www.lamagdalenadeproust.com\/info\/\",\"logo\":{\"@type\":\"ImageObject\",\"inLanguage\":\"es\",\"@id\":\"https:\/\/www.lamagdalenadeproust.com\/info\/#\/schema\/logo\/image\/\",\"url\":\"https:\/\/www.lamagdalenadeproust.com\/info\/wp-content\/uploads\/2016\/11\/Magadalena-Proust-Logo.png\",\"contentUrl\":\"https:\/\/www.lamagdalenadeproust.com\/info\/wp-content\/uploads\/2016\/11\/Magadalena-Proust-Logo.png\",\"width\":144,\"height\":105,\"caption\":\"La Magdalena de Proust\"},\"image\":{\"@id\":\"https:\/\/www.lamagdalenadeproust.com\/info\/#\/schema\/logo\/image\/\"}},{\"@type\":\"Person\",\"@id\":\"https:\/\/www.lamagdalenadeproust.com\/info\/#\/schema\/person\/a97b04166cb78a3d643f62b1f896436b\",\"name\":\"Calvo Pichardo\",\"url\":\"https:\/\/www.lamagdalenadeproust.com\/info\/author\/nestor\/\"}]}<\/script>\n<!-- \/ Yoast SEO plugin. -->","yoast_head_json":{"title":"Un batido verde al d\u00eda...te llenar\u00e1 de energ\u00eda! - Obrador de Pan Artesano","robots":{"index":"index","follow":"follow","max-snippet":"max-snippet:-1","max-image-preview":"max-image-preview:large","max-video-preview":"max-video-preview:-1"},"canonical":"https:\/\/www.lamagdalenadeproust.com\/info\/un-batido-verde-al-dia-te-llenara-de-energia\/","og_locale":"es_ES","og_type":"article","og_title":"Un batido verde al d\u00eda...te llenar\u00e1 de energ\u00eda! - Obrador de Pan Artesano","og_description":"Los batidos verdes son una forma sencilla y agradable de hacer una depuraci\u00f3n org\u00e1nica. En esta \u00e9poca del a\u00f1o en que las frutas y verduras est\u00e1n en su m\u00e1ximo esplendor, te proponemos incorporar en tu d\u00eda a d\u00eda un batido verde y ver\u00e1s c\u00f3mo te llena de energ\u00eda!. Los batidos verdes que te proponemos se","og_url":"https:\/\/www.lamagdalenadeproust.com\/info\/un-batido-verde-al-dia-te-llenara-de-energia\/","og_site_name":"Obrador de Pan Artesano","article_published_time":"2015-05-14T15:27:31+00:00","og_image":[{"width":300,"height":300,"url":"https:\/\/www.lamagdalenadeproust.com\/info\/wp-content\/uploads\/2015\/05\/IMG_9403-300x300-2.jpg","type":"image\/jpeg"}],"author":"Calvo Pichardo","twitter_misc":{"Escrito por":"Calvo Pichardo","Tiempo de lectura":"1 minuto"},"schema":{"@context":"https:\/\/schema.org","@graph":[{"@type":"Article","@id":"https:\/\/www.lamagdalenadeproust.com\/info\/un-batido-verde-al-dia-te-llenara-de-energia\/#article","isPartOf":{"@id":"https:\/\/www.lamagdalenadeproust.com\/info\/un-batido-verde-al-dia-te-llenara-de-energia\/"},"author":{"name":"Calvo Pichardo","@id":"https:\/\/www.lamagdalenadeproust.com\/info\/#\/schema\/person\/a97b04166cb78a3d643f62b1f896436b"},"headline":"Un batido verde al d\u00eda&#8230;te llenar\u00e1 de energ\u00eda!","datePublished":"2015-05-14T15:27:31+00:00","dateModified":"2015-05-14T15:27:31+00:00","mainEntityOfPage":{"@id":"https:\/\/www.lamagdalenadeproust.com\/info\/un-batido-verde-al-dia-te-llenara-de-energia\/"},"wordCount":250,"commentCount":0,"publisher":{"@id":"https:\/\/www.lamagdalenadeproust.com\/info\/#organization"},"image":{"@id":"https:\/\/www.lamagdalenadeproust.com\/info\/un-batido-verde-al-dia-te-llenara-de-energia\/#primaryimage"},"thumbnailUrl":"https:\/\/www.lamagdalenadeproust.com\/info\/wp-content\/uploads\/2015\/05\/IMG_9403-300x300-2.jpg","articleSection":["Econoticias"],"inLanguage":"es","potentialAction":[{"@type":"CommentAction","name":"Comment","target":["https:\/\/www.lamagdalenadeproust.com\/info\/un-batido-verde-al-dia-te-llenara-de-energia\/#respond"]}]},{"@type":"WebPage","@id":"https:\/\/www.lamagdalenadeproust.com\/info\/un-batido-verde-al-dia-te-llenara-de-energia\/","url":"https:\/\/www.lamagdalenadeproust.com\/info\/un-batido-verde-al-dia-te-llenara-de-energia\/","name":"Un batido verde al d\u00eda...te llenar\u00e1 de energ\u00eda! - Obrador de Pan Artesano","isPartOf":{"@id":"https:\/\/www.lamagdalenadeproust.com\/info\/#website"},"primaryImageOfPage":{"@id":"https:\/\/www.lamagdalenadeproust.com\/info\/un-batido-verde-al-dia-te-llenara-de-energia\/#primaryimage"},"image":{"@id":"https:\/\/www.lamagdalenadeproust.com\/info\/un-batido-verde-al-dia-te-llenara-de-energia\/#primaryimage"},"thumbnailUrl":"https:\/\/www.lamagdalenadeproust.com\/info\/wp-content\/uploads\/2015\/05\/IMG_9403-300x300-2.jpg","datePublished":"2015-05-14T15:27:31+00:00","dateModified":"2015-05-14T15:27:31+00:00","breadcrumb":{"@id":"https:\/\/www.lamagdalenadeproust.com\/info\/un-batido-verde-al-dia-te-llenara-de-energia\/#breadcrumb"},"inLanguage":"es","potentialAction":[{"@type":"ReadAction","target":["https:\/\/www.lamagdalenadeproust.com\/info\/un-batido-verde-al-dia-te-llenara-de-energia\/"]}]},{"@type":"ImageObject","inLanguage":"es","@id":"https:\/\/www.lamagdalenadeproust.com\/info\/un-batido-verde-al-dia-te-llenara-de-energia\/#primaryimage","url":"https:\/\/www.lamagdalenadeproust.com\/info\/wp-content\/uploads\/2015\/05\/IMG_9403-300x300-2.jpg","contentUrl":"https:\/\/www.lamagdalenadeproust.com\/info\/wp-content\/uploads\/2015\/05\/IMG_9403-300x300-2.jpg","width":300,"height":300,"caption":"IMG_9403-300x300.jpg"},{"@type":"BreadcrumbList","@id":"https:\/\/www.lamagdalenadeproust.com\/info\/un-batido-verde-al-dia-te-llenara-de-energia\/#breadcrumb","itemListElement":[{"@type":"ListItem","position":1,"name":"Home","item":"https:\/\/www.lamagdalenadeproust.com\/info\/"},{"@type":"ListItem","position":2,"name":"Un batido verde al d\u00eda&#8230;te llenar\u00e1 de energ\u00eda!"}]},{"@type":"WebSite","@id":"https:\/\/www.lamagdalenadeproust.com\/info\/#website","url":"https:\/\/www.lamagdalenadeproust.com\/info\/","name":"Obrador de Pan Artesano","description":"Obrador de pan artesanos en Madrid","publisher":{"@id":"https:\/\/www.lamagdalenadeproust.com\/info\/#organization"},"potentialAction":[{"@type":"SearchAction","target":{"@type":"EntryPoint","urlTemplate":"https:\/\/www.lamagdalenadeproust.com\/info\/?s={search_term_string}"},"query-input":{"@type":"PropertyValueSpecification","valueRequired":true,"valueName":"search_term_string"}}],"inLanguage":"es"},{"@type":"Organization","@id":"https:\/\/www.lamagdalenadeproust.com\/info\/#organization","name":"La Magdalena de Proust","url":"https:\/\/www.lamagdalenadeproust.com\/info\/","logo":{"@type":"ImageObject","inLanguage":"es","@id":"https:\/\/www.lamagdalenadeproust.com\/info\/#\/schema\/logo\/image\/","url":"https:\/\/www.lamagdalenadeproust.com\/info\/wp-content\/uploads\/2016\/11\/Magadalena-Proust-Logo.png","contentUrl":"https:\/\/www.lamagdalenadeproust.com\/info\/wp-content\/uploads\/2016\/11\/Magadalena-Proust-Logo.png","width":144,"height":105,"caption":"La Magdalena de Proust"},"image":{"@id":"https:\/\/www.lamagdalenadeproust.com\/info\/#\/schema\/logo\/image\/"}},{"@type":"Person","@id":"https:\/\/www.lamagdalenadeproust.com\/info\/#\/schema\/person\/a97b04166cb78a3d643f62b1f896436b","name":"Calvo Pichardo","url":"https:\/\/www.lamagdalenadeproust.com\/info\/author\/nestor\/"}]}},"_links":{"self":[{"href":"https:\/\/www.lamagdalenadeproust.com\/info\/wp-json\/wp\/v2\/posts\/1026","targetHints":{"allow":["GET"]}}],"collection":[{"href":"https:\/\/www.lamagdalenadeproust.com\/info\/wp-json\/wp\/v2\/posts"}],"about":[{"href":"https:\/\/www.lamagdalenadeproust.com\/info\/wp-json\/wp\/v2\/types\/post"}],"author":[{"embeddable":true,"href":"https:\/\/www.lamagdalenadeproust.com\/info\/wp-json\/wp\/v2\/users\/75"}],"replies":[{"embeddable":true,"href":"https:\/\/www.lamagdalenadeproust.com\/info\/wp-json\/wp\/v2\/comments?post=1026"}],"version-history":[{"count":0,"href":"https:\/\/www.lamagdalenadeproust.com\/info\/wp-json\/wp\/v2\/posts\/1026\/revisions"}],"wp:featuredmedia":[{"embeddable":true,"href":"https:\/\/www.lamagdalenadeproust.com\/info\/wp-json\/wp\/v2\/media\/6718"}],"wp:attachment":[{"href":"https:\/\/www.lamagdalenadeproust.com\/info\/wp-json\/wp\/v2\/media?parent=1026"}],"wp:term":[{"taxonomy":"category","embeddable":true,"href":"https:\/\/www.lamagdalenadeproust.com\/info\/wp-json\/wp\/v2\/categories?post=1026"},{"taxonomy":"post_tag","embeddable":true,"href":"https:\/\/www.lamagdalenadeproust.com\/info\/wp-json\/wp\/v2\/tags?post=1026"}],"curies":[{"name":"wp","href":"https:\/\/api.w.org\/{rel}","templated":true}]}}